{"id":5538,"date":"2017-06-16T16:58:00","date_gmt":"2017-06-16T19:58:00","guid":{"rendered":"https:\/\/blogs.correiobraziliense.com.br\/servidor\/?p=5538"},"modified":"2017-06-16T16:58:00","modified_gmt":"2017-06-16T19:58:00","slug":"propostas-para-compra-de-imoveis-da-uniao-ate-dia-20","status":"publish","type":"post","link":"https:\/\/blogs.correiobraziliense.com.br\/servidor\/propostas-para-compra-de-imoveis-da-uniao-ate-dia-20\/","title":{"rendered":"Propostas para compra de im\u00f3veis da Uni\u00e3o at\u00e9 dia 20"},"content":{"rendered":"<p><em>24 im\u00f3veis funcionais est\u00e3o \u00e0 venda<\/em><\/p>\n<p>O Minist\u00e9rio do Planejamento informa que os interessados em adquirir im\u00f3veis da Uni\u00e3o devem se apressar. Na pr\u00f3xima <span id=\"OBJ_PREFIX_DWT784_com_zimbra_date\" class=\"Object\"><span id=\"OBJ_PREFIX_DWT789_com_zimbra_date\" class=\"Object\">ter<\/span><\/span>\u00e7a-feira, dia 20, ser\u00e3o recebidos documentos e propostas para a compra de 24 apartamentos e uma casa no Distrito Federal. Os im\u00f3veis foram colocados \u00e0 venda pela Secretaria do Patrim\u00f4nio da Uni\u00e3o (SPU) e ser\u00e3o vendidos em concorr\u00eancia p\u00fablica. Os documentos e propostas de pre\u00e7o para os im\u00f3veis ser\u00e3o recebidos das 13h \u00e0s 15h, no audit\u00f3rio t\u00e9rreo do bloco K, da Esplanada dos Minist\u00e9rios\u00a0e\u00a0ser\u00e3o abertos logo em seguida.<\/p>\n<p>A comercializa\u00e7\u00e3o dos im\u00f3veis \u00e9 parte de uma estrat\u00e9gia da SPU para reduzir gastos e aumentar a arrecada\u00e7\u00e3o com a venda de bens que est\u00e3o desocupados e n\u00e3o podem ser de uso p\u00fablico.<\/p>\n<p>Nesse primeiro edital\u00a0s\u00e3o\u00a0oferecidos 24 apartamentos funcionais localizados nas Asas Sul e Norte e uma casa na QL 12 do Lago Sul, \u00e1reas nobres de Bras\u00edlia. Os apartamentos t\u00eam de 2 a 4 quartos, com \u00e1reas que variam de 75 metros quadrados a 134 metros quadrados. A casa, no Lago Sul, tem \u00e1rea constru\u00edda de 795 metros quadrados.<\/p>\n<p>Mais informa\u00e7\u00f5es sobre os im\u00f3veis e regras para a sua aquisi\u00e7\u00e3o no site imoveis.planejamento.gov.br<\/p>\n<p>Podem participar da concorr\u00eancia p\u00fablica pessoas f\u00edsicas (exceto servidores do Minist\u00e9rio do Planejamento) e jur\u00eddicas, inclusive por meio de cons\u00f3rcio. Os interessados dever\u00e3o apresentar uma proposta por im\u00f3vel. A proposta vencedora ser\u00e1 a de maior valor, que deve ser igual ou superior ao pre\u00e7o m\u00ednimo definido no edital. Os valores dos apartamentos variam de R$ 506 mil a R$ 1,019 milh\u00e3o.<\/p>\n<p>Para apresentar a proposta, os interessados t\u00eam que recolher cau\u00e7\u00e3o de 5% sobre o valor do pre\u00e7o m\u00ednimo do im\u00f3vel pretendido e comprovar esse recolhimento na entrega dos documentos.<\/p>\n<p>O pagamento do im\u00f3vel ser\u00e1 feito \u00e0 vista, com recursos pr\u00f3prios ou por meio de financiamento imobili\u00e1rio do comprador. Os im\u00f3veis podem ser visitados at\u00e9 dia <span id=\"OBJ_PREFIX_DWT785_com_zimbra_date\" class=\"Object\"><span id=\"OBJ_PREFIX_DWT790_com_zimbra_date\" class=\"Object\">19 de junho<\/span><\/span>, em dias \u00fateis, das 9h \u00e0s 17h, com agendamento pelo telefone <span id=\"OBJ_PREFIX_DWT786_com_zimbra_phone\" class=\"Object\"><a href=\"%2861%292020-1904\">(61)2020-1904<\/a><\/span> ou email\u00a0<span id=\"OBJ_PREFIX_DWT787_ZmEmailObjectHandler\" class=\"Object\"><span id=\"OBJ_PREFIX_DWT791_ZmEmailObjectHandler\" class=\"Object\"><a href=\"mailto:vendaspu@planejamento.gov.br\" target=\"_blank\">vendaspu@planejamento.gov.br<\/a><\/span><\/span><\/p>\n<p>&nbsp;<\/p>\n<p><em>\u00a0<\/em><\/p>\n","protected":false},"excerpt":{"rendered":"<p>24 im\u00f3veis funcionais est\u00e3o \u00e0 venda O Minist\u00e9rio do Planejamento informa que os interessados em adquirir im\u00f3veis da Uni\u00e3o devem se apressar. Na pr\u00f3xima ter\u00e7a-feira, dia 20, ser\u00e3o recebidos documentos e propostas para a compra de 24 apartamentos e uma casa no Distrito Federal. Os im\u00f3veis foram colocados \u00e0 venda pela Secretaria do Patrim\u00f4nio da Uni\u00e3o (SPU) e ser\u00e3o vendidos [&hellip;]<\/p>\n","protected":false},"author":27,"featured_media":0,"comment_status":"open","ping_status":"closed","sticky":false,"template":"","format":"standard","meta":{"footnotes":""},"categories":[2719],"tags":[6716,946,6718,6717,2437,1975,723,252,433,862,1169,1832,6719,141,3911,922,147,1195,624,330],"class_list":["post-5538","post","type-post","status-publish","format-standard","hentry","category-servidor","tag-apartamentos","tag-arrecadacao","tag-asa-norte","tag-asa-sul","tag-aumentar","tag-casa","tag-compra","tag-concorrencia","tag-distrito-federal","tag-funcionais","tag-gastos","tag-imoveis","tag-lago-sul","tag-ministerio-do-planejamento","tag-precos","tag-propostas","tag-publica","tag-reduzir","tag-spu","tag-uniao"],"_links":{"self":[{"href":"https:\/\/blogs.correiobraziliense.com.br\/servidor\/wp-json\/wp\/v2\/posts\/5538","targetHints":{"allow":["GET"]}}],"collection":[{"href":"https:\/\/blogs.correiobraziliense.com.br\/servidor\/wp-json\/wp\/v2\/posts"}],"about":[{"href":"https:\/\/blogs.correiobraziliense.com.br\/servidor\/wp-json\/wp\/v2\/types\/post"}],"author":[{"embeddable":true,"href":"https:\/\/blogs.correiobraziliense.com.br\/servidor\/wp-json\/wp\/v2\/users\/27"}],"replies":[{"embeddable":true,"href":"https:\/\/blogs.correiobraziliense.com.br\/servidor\/wp-json\/wp\/v2\/comments?post=5538"}],"version-history":[{"count":1,"href":"https:\/\/blogs.correiobraziliense.com.br\/servidor\/wp-json\/wp\/v2\/posts\/5538\/revisions"}],"predecessor-version":[{"id":5539,"href":"https:\/\/blogs.correiobraziliense.com.br\/servidor\/wp-json\/wp\/v2\/posts\/5538\/revisions\/5539"}],"wp:attachment":[{"href":"https:\/\/blogs.correiobraziliense.com.br\/servidor\/wp-json\/wp\/v2\/media?parent=5538"}],"wp:term":[{"taxonomy":"category","embeddable":true,"href":"https:\/\/blogs.correiobraziliense.com.br\/servidor\/wp-json\/wp\/v2\/categories?post=5538"},{"taxonomy":"post_tag","embeddable":true,"href":"https:\/\/blogs.correiobraziliense.com.br\/servidor\/wp-json\/wp\/v2\/tags?post=5538"}],"curies":[{"name":"wp","href":"https:\/\/api.w.org\/{rel}","templated":true}]}}