{"id":5534,"date":"2017-06-16T16:17:25","date_gmt":"2017-06-16T19:17:25","guid":{"rendered":"https:\/\/blogs.correiobraziliense.com.br\/servidor\/?p=5534"},"modified":"2017-06-16T16:17:25","modified_gmt":"2017-06-16T19:17:25","slug":"seminario-nesta-segunda-feira-196-debate-papel-da-petrobras-na-economia","status":"publish","type":"post","link":"https:\/\/blogs.correiobraziliense.com.br\/servidor\/seminario-nesta-segunda-feira-196-debate-papel-da-petrobras-na-economia\/","title":{"rendered":"Semin\u00e1rio nesta segunda-feira (19\/6)  debate papel da Petrobras na economia"},"content":{"rendered":"<p>Ser\u00e1 na pr\u00f3xima <span id=\"OBJ_PREFIX_DWT767_com_zimbra_date\" class=\"Object\"><span id=\"OBJ_PREFIX_DWT774_com_zimbra_date\" class=\"Object\">segunda<\/span><\/span>-feira, 19\/6, em S\u00e3o Paulo, o semin\u00e1rio \u201cPetr\u00f3leo, Petrobras, engenharia nacional e a retomada do crescimento\u201d, organizado pela Federa\u00e7\u00e3o Nacional dos Engenheiros (FNE) em parceria com a Associa\u00e7\u00e3o dos Engenheiros da Petrobras (Aepet) e o Sindicato dos Engenheiros no Estado de S\u00e3o Paulo (SEESP).<\/p>\n<p>O semin\u00e1rio acontece na sede do SEESP, em S\u00e3o Paulo, a partir das 18h30 e colocar\u00e1 em debate o papel da Petrobras no investimento, a situa\u00e7\u00e3o financeira da companhia no atual contexto e as consequ\u00eancias e riscos da recente mudan\u00e7a na pol\u00edtica de conte\u00fado nacional. O presidente da FNE, engenheiro Murilo Pinheiro, far\u00e1 a abertura do evento.<\/p>\n<p>Ser\u00e3o tr\u00eas palestras. A primeira ir\u00e1 abordar o tema \u201cDesinvestimento e desestrutura\u00e7\u00e3o da Petrobras\u201d e ser\u00e1 proferida pelo vice-presidente da Aepet, Fernando Siqueira. Na sequ\u00eancia, o delegado da Aepet para a regi\u00e3o da Grande S\u00e3o Paulo, Francisco Gon\u00e7alves, colocar\u00e1 em discuss\u00e3o o tema da \u201cDegenera\u00e7\u00e3o da pol\u00edtica de conte\u00fado nacional\u201d. Por \u00faltimo, o ex-diretor da Petrobras e professor da Universidade de S\u00e3o Paulo (USP), Ildo Sauer, discorrer\u00e1 sobre \u201cA situa\u00e7\u00e3o financeira da Petrobras x capacidade de investimento\u201d.<\/p>\n<p>O debate pretende buscar solu\u00e7\u00f5es para que a ind\u00fastria do petr\u00f3leo volte a se tornar din\u00e2mica, ajudando a restaurar segmentos importantes da cadeia produtiva do Pa\u00eds e a contribuir com a retomada do crescimento econ\u00f4mico.<\/p>\n","protected":false},"excerpt":{"rendered":"<p>Ser\u00e1 na pr\u00f3xima segunda-feira, 19\/6, em S\u00e3o Paulo, o semin\u00e1rio \u201cPetr\u00f3leo, Petrobras, engenharia nacional e a retomada do crescimento\u201d, organizado pela Federa\u00e7\u00e3o Nacional dos Engenheiros (FNE) em parceria com a Associa\u00e7\u00e3o dos Engenheiros da Petrobras (Aepet) e o Sindicato dos Engenheiros no Estado de S\u00e3o Paulo (SEESP). O semin\u00e1rio acontece na sede do SEESP, em S\u00e3o Paulo, a partir das [&hellip;]<\/p>\n","protected":false},"author":27,"featured_media":0,"comment_status":"open","ping_status":"closed","sticky":false,"template":"","format":"standard","meta":{"footnotes":""},"categories":[2719],"tags":[6708,5464,795,847,88,3242,4756,1495,4601,201,3901,5465,716,6709,267,1360],"class_list":["post-5534","post","type-post","status-publish","format-standard","hentry","category-servidor","tag-aepet","tag-cadeia","tag-crescimento","tag-debate","tag-economia","tag-engenharia","tag-fne","tag-industria","tag-papel","tag-petrobras","tag-petroleo","tag-produtiva","tag-retomada","tag-seesp","tag-seminario","tag-solucoes"],"_links":{"self":[{"href":"https:\/\/blogs.correiobraziliense.com.br\/servidor\/wp-json\/wp\/v2\/posts\/5534","targetHints":{"allow":["GET"]}}],"collection":[{"href":"https:\/\/blogs.correiobraziliense.com.br\/servidor\/wp-json\/wp\/v2\/posts"}],"about":[{"href":"https:\/\/blogs.correiobraziliense.com.br\/servidor\/wp-json\/wp\/v2\/types\/post"}],"author":[{"embeddable":true,"href":"https:\/\/blogs.correiobraziliense.com.br\/servidor\/wp-json\/wp\/v2\/users\/27"}],"replies":[{"embeddable":true,"href":"https:\/\/blogs.correiobraziliense.com.br\/servidor\/wp-json\/wp\/v2\/comments?post=5534"}],"version-history":[{"count":1,"href":"https:\/\/blogs.correiobraziliense.com.br\/servidor\/wp-json\/wp\/v2\/posts\/5534\/revisions"}],"predecessor-version":[{"id":5535,"href":"https:\/\/blogs.correiobraziliense.com.br\/servidor\/wp-json\/wp\/v2\/posts\/5534\/revisions\/5535"}],"wp:attachment":[{"href":"https:\/\/blogs.correiobraziliense.com.br\/servidor\/wp-json\/wp\/v2\/media?parent=5534"}],"wp:term":[{"taxonomy":"category","embeddable":true,"href":"https:\/\/blogs.correiobraziliense.com.br\/servidor\/wp-json\/wp\/v2\/categories?post=5534"},{"taxonomy":"post_tag","embeddable":true,"href":"https:\/\/blogs.correiobraziliense.com.br\/servidor\/wp-json\/wp\/v2\/tags?post=5534"}],"curies":[{"name":"wp","href":"https:\/\/api.w.org\/{rel}","templated":true}]}}