{"id":5516,"date":"2017-06-16T08:00:49","date_gmt":"2017-06-16T11:00:49","guid":{"rendered":"https:\/\/blogs.correiobraziliense.com.br\/servidor\/?p=5516"},"modified":"2017-06-15T19:54:14","modified_gmt":"2017-06-15T22:54:14","slug":"pesquisas-da-cnte-avaliam-o-interesse-privatista-sobre-educacao-brasileira","status":"publish","type":"post","link":"https:\/\/blogs.correiobraziliense.com.br\/servidor\/pesquisas-da-cnte-avaliam-o-interesse-privatista-sobre-educacao-brasileira\/","title":{"rendered":"Pesquisas da CNTE avaliam o interesse privatista sobre a educa\u00e7\u00e3o brasileira"},"content":{"rendered":"<p><em>Duas pesquisas ser\u00e3o lan\u00e7adas na pr\u00f3xima semana, nos dias 20 e 21, durante o Semin\u00e1rio Nacional de Privatiza\u00e7\u00e3o e Mercantiliza\u00e7\u00e3o da Educa\u00e7\u00e3o no Brasil, da Confedera\u00e7\u00e3o Nacional dos Trabalhadores em Educa\u00e7\u00e3o (CNTE)<\/em><\/p>\n<p>Os trabalhos pretendem detectar os caminhos da terceiriza\u00e7\u00e3o da educa\u00e7\u00e3o b\u00e1sica p\u00fablica brasileira. Segundo o secret\u00e1rio de Assuntos Educacionais da CNTE, Gilmar Soares Ferreira, vive-se um momento de grande ofensiva dos empres\u00e1rios nacionais e internacionais sobre os recursos p\u00fablicos da educa\u00e7\u00e3o b\u00e1sica. \u201cAssim, presenciamos a tentativa das empresas ocuparem o lugar dos entes na oferta da pol\u00edtica p\u00fablica de educa\u00e7\u00e3o. Nosso objetivo \u00e9 dotar as entidades filiadas \u00e0 CNTE de um arcabou\u00e7o significativo de informa\u00e7\u00f5es para refor\u00e7ar a luta, a resist\u00eancia e a defesa da escola p\u00fablica, gratuita, laica e de qualidade socialmente referenciada\u201d, defende.<\/p>\n<p>Um dos estudos, Privatiza\u00e7\u00e3o e Mercantiliza\u00e7\u00e3o da Educa\u00e7\u00e3o B\u00e1sica no Brasil, foi desenvolvido pela Confedera\u00e7\u00e3o em parceria com a Universidade de Bras\u00edlia (UnB). A partir da Emenda Constitucional n\u00ba 59, aprovada em 2009, a educa\u00e7\u00e3o b\u00e1sica p\u00fablica no Brasil tornou-se obrigat\u00f3ria, dos quatro aos 17 anos, abarcando a educa\u00e7\u00e3o infantil at\u00e9 o fim do Ensino M\u00e9dio. Isso aflorou as contradi\u00e7\u00f5es da pol\u00edtica p\u00fablica que, ao propor um servi\u00e7o de oferta p\u00fablica e gratuita, passou a ter os recursos disputados pela iniciativa privada, pois, at\u00e9 ent\u00e3o, o Ensino M\u00e9dio n\u00e3o estava inserido na obrigatoriedade da educa\u00e7\u00e3o b\u00e1sica p\u00fablica, destaca a CNTE.<\/p>\n<p>O objetivo central dessa pesquisa, explica a entidade, frente ao crescente processo de mercantiliza\u00e7\u00e3o a que a educa\u00e7\u00e3o est\u00e1 submetida, transformando-a em mercadoria e neg\u00f3cio a gerar lucros, visa investigar e mapear os elementos que levam a esse descaminho. Os resultados obtidos preocupam, ressalta a Confedera\u00e7\u00e3o, os que lutam por uma educa\u00e7\u00e3o p\u00fablica, gratuita, de boa qualidade e socialmente referenciada. &#8220;Isso porque foram detectados os movimentos privatistas que permeiam as a\u00e7\u00f5es pol\u00edticas e governamentais daqueles atores que, por determina\u00e7\u00e3o constitucional, t\u00eam como atribui\u00e7\u00e3o a gest\u00e3o da educa\u00e7\u00e3o p\u00fablica brasileira&#8221;, aponta a nota da CNTE.<\/p>\n<p>Nela, tamb\u00e9m ficou evidenciado que as a\u00e7\u00f5es privatistas contaminam as pol\u00edticas p\u00fablicas de gest\u00e3o da educa\u00e7\u00e3o p\u00fablica em todos os n\u00edveis (federal, estaduais e municipais). O conjunto de dados deve impelir a a\u00e7\u00f5es necess\u00e1rias em uma resposta direta \u00e0s pol\u00edticas de privatiza\u00e7\u00e3o da educa\u00e7\u00e3o em curso no Brasil. Elas existem e est\u00e3o em est\u00e1gio avan\u00e7ado.<\/p>\n<p><strong>Educa\u00e7\u00e3o no Congresso Nacional<\/strong><\/p>\n<p>O outro estudo \u00e9 da CNTE,\u00a0 em conjunto com o Departamento Intersindical de Assessoria Parlamentar (Diap). A pesquisa Educa\u00e7\u00e3o: o Perfil e a Agenda Privatista do Congresso Nacional Legislatura buscou mapear e identificar os deputados e senadores que t\u00eam a tem\u00e1tica da educa\u00e7\u00e3o entre as suas prioridades, no exerc\u00edcio do mandato, tendo como refer\u00eancia a Legislatura 2015\/2019, a partir do tipo de interesse que representam diante da educa\u00e7\u00e3o p\u00fablica ou privada.<\/p>\n<p>Os resultados s\u00e3o significativos, de acordo com a CNTE, e mostram a face atual da educa\u00e7\u00e3o no Parlamento Brasileiro, os interesses, as agendas e os formuladores significativos que atuam nas duas Casas Legislativas. Por outro lado, a pesquisa dialoga com este momento do Pa\u00eds.<\/p>\n<p>&#8220;O golpe parlamentar\/jur\u00eddico\/midi\u00e1tico de 2016 abriu as portas para ataques sistem\u00e1ticos \u00e0 \u201ccoisa p\u00fablica\u201d por pol\u00edticos que abandonam os princ\u00edpios da representatividade coletiva para atuar em favor de si pr\u00f3prios, de seus neg\u00f3cios e de seus financiadores, ratificando a hist\u00f3rica concep\u00e7\u00e3o patrimonialista de Estado no Brasil&#8221;, exp\u00f5e a nota.<\/p>\n<p><strong>Servi\u00e7o,<\/strong><\/p>\n<p>Pesquisa Privatiza\u00e7\u00e3o e Mercantiliza\u00e7\u00e3o da Educa\u00e7\u00e3o B\u00e1sica no Brasil Lan\u00e7amento: dia 20\/06\/2017, \u00e0s 14h, Mesa 2<\/p>\n<p>Pesquisa Educa\u00e7\u00e3o: o Perfil e a Agenda Privatista do Congresso Nacional Lan\u00e7amento: dia 20\/06\/2017, \u00e0s 10h30, Mesa 1<\/p>\n<p>Local: Hotel Nacional &#8211; Setor Hoteleiro Sul &#8211; Quadra 01 &#8211; Bloco A \u2013 Bras\u00edlia-DF<\/p>\n","protected":false},"excerpt":{"rendered":"<p>Duas pesquisas ser\u00e3o lan\u00e7adas na pr\u00f3xima semana, nos dias 20 e 21, durante o Semin\u00e1rio Nacional de Privatiza\u00e7\u00e3o e Mercantiliza\u00e7\u00e3o da Educa\u00e7\u00e3o no Brasil, da Confedera\u00e7\u00e3o Nacional dos Trabalhadores em Educa\u00e7\u00e3o (CNTE) Os trabalhos pretendem detectar os caminhos da terceiriza\u00e7\u00e3o da educa\u00e7\u00e3o b\u00e1sica p\u00fablica brasileira. Segundo o secret\u00e1rio de Assuntos Educacionais da CNTE, Gilmar Soares Ferreira, vive-se um momento de [&hellip;]<\/p>\n","protected":false},"author":27,"featured_media":0,"comment_status":"open","ping_status":"closed","sticky":false,"template":"","format":"standard","meta":{"footnotes":""},"categories":[2719],"tags":[2291,4945,1302,2557,693,1201,6687,48,4177,694,3501,4661,6686,147,1043,267,1251],"class_list":["post-5516","post","type-post","status-publish","format-standard","hentry","category-servidor","tag-avaliam","tag-basica","tag-brasileira","tag-cnte","tag-congresso-nacional","tag-defesa","tag-detectar","tag-educacao","tag-empresarios","tag-interesse","tag-lancadas","tag-pesquisas","tag-privatista","tag-publica","tag-resistencia","tag-seminario","tag-terceirizacao"],"_links":{"self":[{"href":"https:\/\/blogs.correiobraziliense.com.br\/servidor\/wp-json\/wp\/v2\/posts\/5516","targetHints":{"allow":["GET"]}}],"collection":[{"href":"https:\/\/blogs.correiobraziliense.com.br\/servidor\/wp-json\/wp\/v2\/posts"}],"about":[{"href":"https:\/\/blogs.correiobraziliense.com.br\/servidor\/wp-json\/wp\/v2\/types\/post"}],"author":[{"embeddable":true,"href":"https:\/\/blogs.correiobraziliense.com.br\/servidor\/wp-json\/wp\/v2\/users\/27"}],"replies":[{"embeddable":true,"href":"https:\/\/blogs.correiobraziliense.com.br\/servidor\/wp-json\/wp\/v2\/comments?post=5516"}],"version-history":[{"count":1,"href":"https:\/\/blogs.correiobraziliense.com.br\/servidor\/wp-json\/wp\/v2\/posts\/5516\/revisions"}],"predecessor-version":[{"id":5517,"href":"https:\/\/blogs.correiobraziliense.com.br\/servidor\/wp-json\/wp\/v2\/posts\/5516\/revisions\/5517"}],"wp:attachment":[{"href":"https:\/\/blogs.correiobraziliense.com.br\/servidor\/wp-json\/wp\/v2\/media?parent=5516"}],"wp:term":[{"taxonomy":"category","embeddable":true,"href":"https:\/\/blogs.correiobraziliense.com.br\/servidor\/wp-json\/wp\/v2\/categories?post=5516"},{"taxonomy":"post_tag","embeddable":true,"href":"https:\/\/blogs.correiobraziliense.com.br\/servidor\/wp-json\/wp\/v2\/tags?post=5516"}],"curies":[{"name":"wp","href":"https:\/\/api.w.org\/{rel}","templated":true}]}}