{"id":5499,"date":"2017-06-14T12:26:23","date_gmt":"2017-06-14T15:26:23","guid":{"rendered":"https:\/\/blogs.correiobraziliense.com.br\/servidor\/?p=5499"},"modified":"2017-06-14T12:26:23","modified_gmt":"2017-06-14T15:26:23","slug":"projeto-que-preve-reajuste-de-oito-carreiras-deve-chegar-hoje-ao-planalto","status":"publish","type":"post","link":"https:\/\/blogs.correiobraziliense.com.br\/servidor\/projeto-que-preve-reajuste-de-oito-carreiras-deve-chegar-hoje-ao-planalto\/","title":{"rendered":"Projeto que prev\u00ea reajuste de oito carreiras deve chegar hoje ao Planalto"},"content":{"rendered":"<p>MP 765\/16, agora Projeto de Lei de Convers\u00e3o (PLV 16\/17), permanece na Secretaria Geral do Congresso. Precisa, ainda, passar pela Secretaria de Expediente. Somente depois ser\u00e1 encaminhado \u00e0 Presid\u00eancia da Rep\u00fablica. Al\u00e9m de aumento salarial e reestrutura\u00e7\u00e3o de carreiras, o texto cria o b\u00f4nus de efici\u00eancia para o pessoal do Fisco, que pressiona pela aprova\u00e7\u00e3o<\/p>\n<p>O prazo constitucional de 15 dias para san\u00e7\u00e3o (ou veto) presidencial come\u00e7a a contar a partir do recebimento da proposi\u00e7\u00e3o pela Casa Civil. A MP\u00a0 765\/16 foi aprovada pelo Plen\u00e1rio do Senado em 1\u00ba de junho. E ainda est\u00e1 no Congresso, segundo informa\u00e7\u00f5es, por conta do grande n\u00famero de MPs aprovadas \u00e0s pressas devido ao encerramento dos prazos de validade.<\/p>\n<p>&nbsp;<\/p>\n","protected":false},"excerpt":{"rendered":"<p>MP 765\/16, agora Projeto de Lei de Convers\u00e3o (PLV 16\/17), permanece na Secretaria Geral do Congresso. Precisa, ainda, passar pela Secretaria de Expediente. Somente depois ser\u00e1 encaminhado \u00e0 Presid\u00eancia da Rep\u00fablica. Al\u00e9m de aumento salarial e reestrutura\u00e7\u00e3o de carreiras, o texto cria o b\u00f4nus de efici\u00eancia para o pessoal do Fisco, que pressiona pela aprova\u00e7\u00e3o O prazo constitucional de 15 [&hellip;]<\/p>\n","protected":false},"author":27,"featured_media":0,"comment_status":"open","ping_status":"closed","sticky":false,"template":"","format":"standard","meta":{"footnotes":""},"categories":[2719],"tags":[231,188,100,1033,5322,2211,6648,101,63,2430,2787],"class_list":["post-5499","post","type-post","status-publish","format-standard","hentry","category-servidor","tag-bonus","tag-carreira","tag-congresso","tag-eficiencia","tag-mp-76516","tag-planalto","tag-plv-1617","tag-projeto","tag-reajuste","tag-sancao","tag-veto"],"_links":{"self":[{"href":"https:\/\/blogs.correiobraziliense.com.br\/servidor\/wp-json\/wp\/v2\/posts\/5499","targetHints":{"allow":["GET"]}}],"collection":[{"href":"https:\/\/blogs.correiobraziliense.com.br\/servidor\/wp-json\/wp\/v2\/posts"}],"about":[{"href":"https:\/\/blogs.correiobraziliense.com.br\/servidor\/wp-json\/wp\/v2\/types\/post"}],"author":[{"embeddable":true,"href":"https:\/\/blogs.correiobraziliense.com.br\/servidor\/wp-json\/wp\/v2\/users\/27"}],"replies":[{"embeddable":true,"href":"https:\/\/blogs.correiobraziliense.com.br\/servidor\/wp-json\/wp\/v2\/comments?post=5499"}],"version-history":[{"count":1,"href":"https:\/\/blogs.correiobraziliense.com.br\/servidor\/wp-json\/wp\/v2\/posts\/5499\/revisions"}],"predecessor-version":[{"id":5500,"href":"https:\/\/blogs.correiobraziliense.com.br\/servidor\/wp-json\/wp\/v2\/posts\/5499\/revisions\/5500"}],"wp:attachment":[{"href":"https:\/\/blogs.correiobraziliense.com.br\/servidor\/wp-json\/wp\/v2\/media?parent=5499"}],"wp:term":[{"taxonomy":"category","embeddable":true,"href":"https:\/\/blogs.correiobraziliense.com.br\/servidor\/wp-json\/wp\/v2\/categories?post=5499"},{"taxonomy":"post_tag","embeddable":true,"href":"https:\/\/blogs.correiobraziliense.com.br\/servidor\/wp-json\/wp\/v2\/tags?post=5499"}],"curies":[{"name":"wp","href":"https:\/\/api.w.org\/{rel}","templated":true}]}}