{"id":5493,"date":"2017-06-13T20:19:40","date_gmt":"2017-06-13T23:19:40","guid":{"rendered":"https:\/\/blogs.correiobraziliense.com.br\/servidor\/?p=5493"},"modified":"2017-06-13T20:19:40","modified_gmt":"2017-06-13T23:19:40","slug":"ministerio-da-saude-nota-sobre-decisao-do-mpf","status":"publish","type":"post","link":"https:\/\/blogs.correiobraziliense.com.br\/servidor\/ministerio-da-saude-nota-sobre-decisao-do-mpf\/","title":{"rendered":"Minist\u00e9rio da Sa\u00fade &#8211; Nota sobre a decis\u00e3o do MPF\/DF sobre compra de rem\u00e9dio chin\u00eas para tratamento de leucemia pelo SUS"},"content":{"rendered":"<p>&#8220;O Minist\u00e9rio da Sa\u00fade esclarece que capacidade esperada de a\u00e7\u00e3o contra o c\u00e2ncer do medicamento \u201cLeuginase\u201d foi atestada por teste realizado pelo Instituto Nacional de Controle de Qualidade em Sa\u00fade (INCQS).\u00a0 A an\u00e1lise ainda mostrou que n\u00e3o foram encontrados contaminantes bacterianos, ou seja, que podem causar danos ao usu\u00e1rio.<\/p>\n<p>O abastecimento da rede p\u00fablica de sa\u00fade est\u00e1 regular. Vinte e um estados (AC, AL, AM, BA, CE, ES, GO, MA, MG, MS, MT, PA, PB, PE, PI, RJ, RN, RO, RS, SC e SP) al\u00e9m do Distrito Federal, j\u00e1 est\u00e3o utilizando o medicamento. Na farmacovigil\u00e2ncia \u2014acompanhamento junto a essas unidades, at\u00e9 o momento, n\u00e3o houve nenhum efeito diferente do esperado pela literatura dispon\u00edvel.<\/p>\n<p>\u00c9 importante esclarecer que a compra de medicamentos oncol\u00f3gicos \u00e9 obrigatoriedade dos hospitais que atendem na rede p\u00fablica. O valor j\u00e1 \u00e9 contemplado pelos repasses de acordo com os procedimentos realizados. Mesmo assim, desde 2013, a pasta vem importando o medicamento para auxiliar institui\u00e7\u00f5es que tem dificuldade na aquisi\u00e7\u00e3o do produto essencial no combate a este tipo de c\u00e2ncer infantil.<\/p>\n<p>A pasta ainda esclarece que seguiu todos os tr\u00e2mites que permitem uma importa\u00e7\u00e3o excepcional do medicamento, conforme parecer da Ag\u00eancia Nacional de Vigil\u00e2ncia Sanit\u00e1ria (Anvisa) de janeiro de 2017.<\/p>\n<p>Sobre a recomenda\u00e7\u00e3o do Minist\u00e9rio P\u00fablico Federal (MPF), o Minist\u00e9rio da Sa\u00fade informa que n\u00e3o recebeu a notifica\u00e7\u00e3o mas est\u00e1 a disposi\u00e7\u00e3o para esclarecimentos necess\u00e1rios.&#8221;<\/p>\n<p>Fonte: <em>Assessoria de Imprensa<\/em><\/p>\n","protected":false},"excerpt":{"rendered":"<p>&#8220;O Minist\u00e9rio da Sa\u00fade esclarece que capacidade esperada de a\u00e7\u00e3o contra o c\u00e2ncer do medicamento \u201cLeuginase\u201d foi atestada por teste realizado pelo Instituto Nacional de Controle de Qualidade em Sa\u00fade (INCQS).\u00a0 A an\u00e1lise ainda mostrou que n\u00e3o foram encontrados contaminantes bacterianos, ou seja, que podem causar danos ao usu\u00e1rio. O abastecimento da rede p\u00fablica de sa\u00fade est\u00e1 regular. Vinte e [&hellip;]<\/p>\n","protected":false},"author":27,"featured_media":0,"comment_status":"open","ping_status":"closed","sticky":false,"template":"","format":"standard","meta":{"footnotes":""},"categories":[2719],"tags":[6643,1850,6641,6601,2089,1248,6644,5212,6642,6602,6603,2445,2242,89,37,4947,147,1781,2375,2003,2000,6645,2247,2318],"class_list":["post-5493","post","type-post","status-publish","format-standard","hentry","category-servidor","tag-abastecimento","tag-anvisa","tag-atestado","tag-chines","tag-danos","tag-decisao","tag-farmacovigilancia","tag-importacao","tag-incos","tag-leucemia","tag-leuginase","tag-medicamento","tag-ministerio-da-saude","tag-mpfdf","tag-nota","tag-notificacao","tag-publica","tag-rede","tag-regular","tag-remedio","tag-sus","tag-tramites","tag-tratamento","tag-usurario"],"_links":{"self":[{"href":"https:\/\/blogs.correiobraziliense.com.br\/servidor\/wp-json\/wp\/v2\/posts\/5493","targetHints":{"allow":["GET"]}}],"collection":[{"href":"https:\/\/blogs.correiobraziliense.com.br\/servidor\/wp-json\/wp\/v2\/posts"}],"about":[{"href":"https:\/\/blogs.correiobraziliense.com.br\/servidor\/wp-json\/wp\/v2\/types\/post"}],"author":[{"embeddable":true,"href":"https:\/\/blogs.correiobraziliense.com.br\/servidor\/wp-json\/wp\/v2\/users\/27"}],"replies":[{"embeddable":true,"href":"https:\/\/blogs.correiobraziliense.com.br\/servidor\/wp-json\/wp\/v2\/comments?post=5493"}],"version-history":[{"count":1,"href":"https:\/\/blogs.correiobraziliense.com.br\/servidor\/wp-json\/wp\/v2\/posts\/5493\/revisions"}],"predecessor-version":[{"id":5494,"href":"https:\/\/blogs.correiobraziliense.com.br\/servidor\/wp-json\/wp\/v2\/posts\/5493\/revisions\/5494"}],"wp:attachment":[{"href":"https:\/\/blogs.correiobraziliense.com.br\/servidor\/wp-json\/wp\/v2\/media?parent=5493"}],"wp:term":[{"taxonomy":"category","embeddable":true,"href":"https:\/\/blogs.correiobraziliense.com.br\/servidor\/wp-json\/wp\/v2\/categories?post=5493"},{"taxonomy":"post_tag","embeddable":true,"href":"https:\/\/blogs.correiobraziliense.com.br\/servidor\/wp-json\/wp\/v2\/tags?post=5493"}],"curies":[{"name":"wp","href":"https:\/\/api.w.org\/{rel}","templated":true}]}}