{"id":5469,"date":"2017-06-13T15:52:30","date_gmt":"2017-06-13T18:52:30","guid":{"rendered":"https:\/\/blogs.correiobraziliense.com.br\/servidor\/?p=5469"},"modified":"2017-06-13T15:52:30","modified_gmt":"2017-06-13T18:52:30","slug":"morte-por-inanicao","status":"publish","type":"post","link":"https:\/\/blogs.correiobraziliense.com.br\/servidor\/morte-por-inanicao\/","title":{"rendered":"Morte por inani\u00e7\u00e3o"},"content":{"rendered":"<p style=\"text-align: left\" align=\"center\"><em>Comunicado de imprensa da <\/em><em>Exm\u00aa Sr\u00aa Marie-Claude Bibeau, ministra do Desenvolvimento Internacional e da Francofonia do Canad\u00e1 &#8211; 8 de junho de 2017, distribu\u00eddo <span id=\"OBJ_PREFIX_DWT670_com_zimbra_date\" class=\"Object\">hoje<\/span> pela Embaixada do Canad\u00e1 no Brasil\u00a0<\/em><\/p>\n<p>&#8220;A extens\u00e3o da fome no Sud\u00e3o do Sul, associada \u00e0 severa escassez de alimentos em curso no nordeste da Nig\u00e9ria, Som\u00e1lia e I\u00eamen, \u00e9 sem precedentes desde o fim da <span id=\"OBJ_PREFIX_DWT671_com_zimbra_date\" class=\"Object\">Segunda<\/span> Guerra Mundial. Em termos num\u00e9ricos, estas crises sem igual afetam o equivalente a mais da metade da popula\u00e7\u00e3o do Canad\u00e1.<\/p>\n<p>Esta n\u00e3o \u00e9 a primeira vez que agentes de assist\u00eancia humanit\u00e1ria s\u00e3o convocados para combater e prevenir a fome. Todavia, esta \u00e9 a primeira vez que eles tiveram que fazer isso para mais de 20 milh\u00f5es de pessoas, incluindo 1,4 milh\u00f5es de crian\u00e7as em risco de morte.<\/p>\n<p>A mudan\u00e7a clim\u00e1tica \u00e9, sem d\u00favida, parcialmente respons\u00e1vel pelas secas que destroem as lavouras, matam os rebanhos e secam os rios. No entanto, os principais respons\u00e1veis por esta crise em particular s\u00e3o os conflitos. Quando a fome \u00e9 usada como arma de guerra.<\/p>\n<p>Se as armas fossem silenciadas e o acesso \u00e0 ajuda humanit\u00e1ria fosse restaurado, isso permitiria salvar mais vidas em curto prazo do que o regresso das chuvas e das colheitas.<\/p>\n<p>O Canad\u00e1 n\u00e3o pode permanecer calado perante estas crises que afetam de maneira desproporcional mulheres e crian\u00e7as. Estamos coordenando nossos esfor\u00e7os a n\u00edvel diplom\u00e1tico para melhorar a situa\u00e7\u00e3o quanto \u00e0 seguran\u00e7a e refor\u00e7ando nosso apoio \u00e0 promo\u00e7\u00e3o de programas de desenvolvimento e de ajuda humanit\u00e1ria. Tamb\u00e9m sabemos que solu\u00e7\u00f5es de longo prazo devem ser encontradas na regi\u00e3o. Este ano, o Canad\u00e1 disponibilizou perto de $120 milh\u00f5es de d\u00f3lares em assist\u00eancia humanit\u00e1ria em resposta ao apelo de emerg\u00eancia das Na\u00e7\u00f5es Unidas e do Movimento Internacional da Cruz Vermelha e do Crescente Vermelho. Por\u00e9m, at\u00e9 o momento, a resposta a este apelo continua insuficiente.<\/p>\n<p>Diferentemente de terremotos que repentinamente destroem cidades inteiras e tragicamente mata centenas de pessoas, a morte por fome \u00e9 lenta, mais silenciosa e, at\u00e9 mesmo, inconceb\u00edvel para n\u00f3s em 2017, contudo \u00e9 muito real. E embora nenhum de n\u00f3s possa predizer quando ou onde o pr\u00f3ximo desastre natural ocorrer\u00e1, sabemos que mais de 20 milh\u00f5es de vidas est\u00e3o atualmente em risco na \u00c1frica e no I\u00eamen, n\u00e3o apenas pela falta de alimentos, mas tamb\u00e9m pela falta de acesso \u00e0 \u00e1gua e saneamento b\u00e1sico. Quando milhares de pessoas buscam ref\u00fagio em um acampamento sem <span id=\"OBJ_PREFIX_DWT672_com_zimbra_date\" class=\"Object\">ter<\/span> acesso a \u00e1gua e sab\u00e3o para lavar suas m\u00e3os, enfermidades mortais, tais como a c\u00f3lera, se espalham rapidamente. O corpo humano, j\u00e1 debilitado pela falta de nutrientes essenciais, sucumbir\u00e1 mais facilmente a infec\u00e7\u00f5es de toda natureza.<\/p>\n<p>Cada um de n\u00f3s, a nossa maneira, pode ajudar a salvar essas milh\u00f5es de vidas em risco.<\/p>\n<p>Tamb\u00e9m sabemos que canadenses n\u00e3o s\u00e3o insens\u00edveis a esta realidade e querem ajudar. Por esta raz\u00e3o, o Governo do Canad\u00e1 est\u00e1 pronto a fazer mais e criou o Fundo de Socorro contra a Fome (<em>Famine Relief Fund\/ Fonds de secours contre la famine<\/em>). At\u00e9 o dia <span id=\"OBJ_PREFIX_DWT673_com_zimbra_date\" class=\"Object\">30 de junho<\/span>, o Canad\u00e1 reservar\u00e1 um d\u00f3lar para o fundo por cada d\u00f3lar doado \u00e0s institui\u00e7\u00f5es de caridades canadenses que est\u00e3o levantando fundos para combater a fome. Este dinheiro apoiar\u00e1 o trabalho dif\u00edcil e corajoso dos agentes humanit\u00e1rios canadenses, internacionais e locais para fornecer alimentos, \u00e1gua pot\u00e1vel, saneamento b\u00e1sico, abrigos de emerg\u00eancia e outros servi\u00e7os essenciais.<\/p>\n<p>Ao longo das pr\u00f3ximas semanas, encorajo todos os canadenses a fazerem generosas doa\u00e7\u00f5es \u00e0 institui\u00e7\u00e3o de sua escolha.<\/p>\n<p>Juntos, ajudaremos a salvar vidas.&#8221;<\/p>\n<p><u>Vers\u00e3o em ingl\u00eas:<\/u>\u00a0<span id=\"OBJ_PREFIX_DWT674_com_zimbra_url\" class=\"Object\"><a href=\"https:\/\/www.canada.ca\/en\/global-affairs\/news\/2017\/06\/death_by_starvation.html\" target=\"_blank\">https:\/\/www.canada.ca\/en\/global-affairs\/news\/2017\/06\/death_by_starvation.html<\/a><\/span><\/p>\n<p><u>Vers\u00e3o em franc\u00eas:<\/u>\u00a0<span id=\"OBJ_PREFIX_DWT675_com_zimbra_url\" class=\"Object\"><a href=\"https:\/\/www.canada.ca\/fr\/affaires-mondiales\/nouvelles\/2017\/06\/mourir_de_faim.html\" target=\"_blank\">https:\/\/www.canada.ca\/fr\/affaires-mondiales\/nouvelles\/2017\/06\/mourir_de_faim.html<\/a><\/span><\/p>\n<p>&nbsp;<\/p>\n","protected":false},"excerpt":{"rendered":"<p>Comunicado de imprensa da Exm\u00aa Sr\u00aa Marie-Claude Bibeau, ministra do Desenvolvimento Internacional e da Francofonia do Canad\u00e1 &#8211; 8 de junho de 2017, distribu\u00eddo hoje pela Embaixada do Canad\u00e1 no Brasil\u00a0 &#8220;A extens\u00e3o da fome no Sud\u00e3o do Sul, associada \u00e0 severa escassez de alimentos em curso no nordeste da Nig\u00e9ria, Som\u00e1lia e I\u00eamen, \u00e9 sem precedentes desde o fim [&hellip;]<\/p>\n","protected":false},"author":27,"featured_media":0,"comment_status":"open","ping_status":"closed","sticky":false,"template":"","format":"standard","meta":{"footnotes":""},"categories":[2719],"tags":[6594,4799,984,1877,6593,6596,6595,3355,4940,647,6588,6587,6583,1071,6590,1746,6042,6585,6591,6592,6589,6586,6584],"class_list":["post-5469","post","type-post","status-publish","format-standard","hentry","category-servidor","tag-ajuda","tag-armas","tag-assistencia","tag-canada","tag-colheirtas","tag-crescente-vermelho","tag-cruz-vermelha","tag-desenvolvimento","tag-embaixada","tag-guerra","tag-humanitaria","tag-iemen","tag-inanicao","tag-internacional","tag-lavouras","tag-morte","tag-nacoes-unidas","tag-nigeria","tag-rebanhos","tag-rios","tag-secas","tag-somalia","tag-sudao"],"_links":{"self":[{"href":"https:\/\/blogs.correiobraziliense.com.br\/servidor\/wp-json\/wp\/v2\/posts\/5469","targetHints":{"allow":["GET"]}}],"collection":[{"href":"https:\/\/blogs.correiobraziliense.com.br\/servidor\/wp-json\/wp\/v2\/posts"}],"about":[{"href":"https:\/\/blogs.correiobraziliense.com.br\/servidor\/wp-json\/wp\/v2\/types\/post"}],"author":[{"embeddable":true,"href":"https:\/\/blogs.correiobraziliense.com.br\/servidor\/wp-json\/wp\/v2\/users\/27"}],"replies":[{"embeddable":true,"href":"https:\/\/blogs.correiobraziliense.com.br\/servidor\/wp-json\/wp\/v2\/comments?post=5469"}],"version-history":[{"count":1,"href":"https:\/\/blogs.correiobraziliense.com.br\/servidor\/wp-json\/wp\/v2\/posts\/5469\/revisions"}],"predecessor-version":[{"id":5470,"href":"https:\/\/blogs.correiobraziliense.com.br\/servidor\/wp-json\/wp\/v2\/posts\/5469\/revisions\/5470"}],"wp:attachment":[{"href":"https:\/\/blogs.correiobraziliense.com.br\/servidor\/wp-json\/wp\/v2\/media?parent=5469"}],"wp:term":[{"taxonomy":"category","embeddable":true,"href":"https:\/\/blogs.correiobraziliense.com.br\/servidor\/wp-json\/wp\/v2\/categories?post=5469"},{"taxonomy":"post_tag","embeddable":true,"href":"https:\/\/blogs.correiobraziliense.com.br\/servidor\/wp-json\/wp\/v2\/tags?post=5469"}],"curies":[{"name":"wp","href":"https:\/\/api.w.org\/{rel}","templated":true}]}}