{"id":5463,"date":"2017-06-13T11:30:23","date_gmt":"2017-06-13T14:30:23","guid":{"rendered":"https:\/\/blogs.correiobraziliense.com.br\/servidor\/?p=5463"},"modified":"2017-06-13T11:30:23","modified_gmt":"2017-06-13T14:30:23","slug":"sindifisco-imposto-de-renda","status":"publish","type":"post","link":"https:\/\/blogs.correiobraziliense.com.br\/servidor\/sindifisco-imposto-de-renda\/","title":{"rendered":"Sindifisco &#8211; Imposto de Renda"},"content":{"rendered":"<p><em>Rever al\u00edquota do IR e aliviar contribuinte \u00e9 um bom come\u00e7o para justi\u00e7a tribut\u00e1ria, afirma Sindifisco<\/em><\/p>\n<p>Por meio de nota, o Sindicato Nacional dos Auditores Fiscais da Receita Federal (Sindifisco Nacional) informou que integrantes do governo federal t\u00eam se debru\u00e7ado sobre c\u00e1lculos que revisariam a tabela do Imposto de Renda de Pessoa F\u00edsica (IRPF) e aliviariam a classe m\u00e9dia, que sustenta o peso da arrecada\u00e7\u00e3o brasileira. Conforme adiantou a edi\u00e7\u00e3o de 12 de junho da \u201c<a href=\"https:\/\/www.sindifisconacional.org.br\/mod_download.php?id=aW1hZ2VzL3B1YmxpY2Fjb2VzL2JvbGV0aW5zLzIwMTcvMDUtbWFpby9Cb2wxOTA1L0VzdGFkb18xMl8wNl8xLnBkZnw0Mjk3NzY=\">Coluna do Estad\u00e3o<\/a>\u201d, de <em>O Estado de S.Paulo<\/em>, destacou o Sindifisco, o Pal\u00e1cio do Planalto pretende mexer com as al\u00edquotas, \u201cpodendo reduzir a maior al\u00edquota cobrada para pessoa f\u00edsica de 27,5% para 18%\u201d. Para compensar a eventual perda de receita, reativaria a tributa\u00e7\u00e3o sobre a distribui\u00e7\u00e3o de lucros e dividendos, segundo o texto publicado.<\/p>\n<p>Para o Sindifisco Nacional, h\u00e1 muito \u00e9 necess\u00e1rio rever essa estrutura. Desde 2010, o Sindicato tem apresentado dados e formalizado propostas. A principal foi Projeto de Lei 6.094\/13, que propunha mudar a forma de corre\u00e7\u00e3o do IRPF e restabelecia a tributa\u00e7\u00e3o de lucros e dividendos distribu\u00eddos \u2013 sobre a qual, at\u00e9 1995, incidia al\u00edquota de 15%; hoje, somente Brasil, Est\u00f4nia e Eslov\u00e1quia concedem isen\u00e7\u00e3o.<\/p>\n<p>&#8220;A redu\u00e7\u00e3o da dist\u00e2ncia entre as camadas sociais passa pela justi\u00e7a tribut\u00e1ria. Recalibra-la, por\u00e9m, \u00e9 preciso. O consumo deve ceder a vez \u00e0 renda e ao patrim\u00f4nio como vigas de sustenta\u00e7\u00e3o dessa conta. Hoje, a tributa\u00e7\u00e3o do patrim\u00f4nio responde por apenas cerca de 4% da carga tribut\u00e1ria geral, na contram\u00e3o das principais economias mundiais, cujo percentual m\u00e9dio \u00e9 de 12%.<\/p>\n<p>\u00c9 altamente positivo discutir altera\u00e7\u00f5es no sistema tribut\u00e1rio, desde que o foco esteja no al\u00edvio para as classes m\u00e9dia e mais baixas do estrato social. E, por consequ\u00eancia, cobrando maior participa\u00e7\u00e3o daqueles com mais capacidade contributiva \u2013 como, ali\u00e1s, preconiza a Constitui\u00e7\u00e3o.<\/p>\n<p>O Sindifisco Nacional acredita que a grande reforma deste Pa\u00eds vir\u00e1 pela justi\u00e7a fiscal.&#8221;<\/p>\n","protected":false},"excerpt":{"rendered":"<p>Rever al\u00edquota do IR e aliviar contribuinte \u00e9 um bom come\u00e7o para justi\u00e7a tribut\u00e1ria, afirma Sindifisco Por meio de nota, o Sindicato Nacional dos Auditores Fiscais da Receita Federal (Sindifisco Nacional) informou que integrantes do governo federal t\u00eam se debru\u00e7ado sobre c\u00e1lculos que revisariam a tabela do Imposto de Renda de Pessoa F\u00edsica (IRPF) e aliviariam a classe m\u00e9dia, que [&hellip;]<\/p>\n","protected":false},"author":27,"featured_media":0,"comment_status":"open","ping_status":"closed","sticky":false,"template":"","format":"standard","meta":{"footnotes":""},"categories":[2719],"tags":[4414,946,2119,1005,3534,4768,355,4973,260,1462,1061,1454,922,358,597,354,1307],"class_list":["post-5463","post","type-post","status-publish","format-standard","hentry","category-servidor","tag-aliquota","tag-arrecadacao","tag-calculos","tag-classe","tag-distribuicao","tag-dividendos","tag-imposto-de-renda","tag-irpj","tag-justica","tag-lucros","tag-media","tag-patrimonio","tag-propostas","tag-renda","tag-sindifisco","tag-tabela","tag-tributaria"],"_links":{"self":[{"href":"https:\/\/blogs.correiobraziliense.com.br\/servidor\/wp-json\/wp\/v2\/posts\/5463","targetHints":{"allow":["GET"]}}],"collection":[{"href":"https:\/\/blogs.correiobraziliense.com.br\/servidor\/wp-json\/wp\/v2\/posts"}],"about":[{"href":"https:\/\/blogs.correiobraziliense.com.br\/servidor\/wp-json\/wp\/v2\/types\/post"}],"author":[{"embeddable":true,"href":"https:\/\/blogs.correiobraziliense.com.br\/servidor\/wp-json\/wp\/v2\/users\/27"}],"replies":[{"embeddable":true,"href":"https:\/\/blogs.correiobraziliense.com.br\/servidor\/wp-json\/wp\/v2\/comments?post=5463"}],"version-history":[{"count":1,"href":"https:\/\/blogs.correiobraziliense.com.br\/servidor\/wp-json\/wp\/v2\/posts\/5463\/revisions"}],"predecessor-version":[{"id":5464,"href":"https:\/\/blogs.correiobraziliense.com.br\/servidor\/wp-json\/wp\/v2\/posts\/5463\/revisions\/5464"}],"wp:attachment":[{"href":"https:\/\/blogs.correiobraziliense.com.br\/servidor\/wp-json\/wp\/v2\/media?parent=5463"}],"wp:term":[{"taxonomy":"category","embeddable":true,"href":"https:\/\/blogs.correiobraziliense.com.br\/servidor\/wp-json\/wp\/v2\/categories?post=5463"},{"taxonomy":"post_tag","embeddable":true,"href":"https:\/\/blogs.correiobraziliense.com.br\/servidor\/wp-json\/wp\/v2\/tags?post=5463"}],"curies":[{"name":"wp","href":"https:\/\/api.w.org\/{rel}","templated":true}]}}