{"id":5461,"date":"2017-06-12T20:49:16","date_gmt":"2017-06-12T23:49:16","guid":{"rendered":"https:\/\/blogs.correiobraziliense.com.br\/servidor\/?p=5461"},"modified":"2017-06-12T20:49:16","modified_gmt":"2017-06-12T23:49:16","slug":"acoes-de-sustentabilidade-na-administracao-publica-ainda-sao-insuficientes","status":"publish","type":"post","link":"https:\/\/blogs.correiobraziliense.com.br\/servidor\/acoes-de-sustentabilidade-na-administracao-publica-ainda-sao-insuficientes\/","title":{"rendered":"A\u00e7\u00f5es de sustentabilidade na administra\u00e7\u00e3o p\u00fablica ainda s\u00e3o insuficientes"},"content":{"rendered":"<p><i>Para melhorar os \u00edndices, TCU prop\u00f5e a retomada das atividades do comit\u00ea de sustentabilidade e o incentivo \u00e0 ado\u00e7\u00e3o de boas pr\u00e1ticas em todo o governo<\/i><\/p>\n<p>Com base nas respostas aos question\u00e1rios enviados a 101 institui\u00e7\u00f5es da Administra\u00e7\u00e3o P\u00fablica Federal (APF), o Tribunal de Contas da Uni\u00e3o (TCU) verificou que \u00f3rg\u00e3os e entidades p\u00fablicas n\u00e3o avan\u00e7aram em a\u00e7\u00f5es destinadas \u00e0 promo\u00e7\u00e3o da sustentabilidade. Os resultados foram apreciados pelos ministros da Corte de Contas durante sess\u00e3o plen\u00e1ria de 24 de maio.<\/p>\n<p>Por meio do <a href=\"https:\/\/contas.tcu.gov.br\/pesquisaJurisprudencia\/#\/detalhamento\/11\/%252a\/NUMACORDAO%253A1752%2520ANOACORDAO%253A2011\/DTRELEVANCIA%2520desc%252C%2520NUMACORDAOINT%2520desc\/false\/1\"> <strong>Ac\u00f3rd\u00e3o 1.752\/2011<\/strong><\/a>, o Tribunal dirigiu recomenda\u00e7\u00f5es ao Minist\u00e9rio do Planejamento, Or\u00e7amento e Gest\u00e3o, ao Minist\u00e9rio do Meio Ambiente (MMA), \u00e0 Secretaria do Tesouro Nacional (STN) e \u00e0s Centrais El\u00e9tricas Brasileiras S.A. (Eletrobras), al\u00e9m de determina\u00e7\u00f5es a unidades internas do TCU para incluir nas contas da APF informa\u00e7\u00f5es sobre a sustentabilidade e ado\u00e7\u00e3o das medidas pertinentes com o objetivo de aprimorar a gest\u00e3o de recursos naturais.<\/p>\n<p>A auditoria avaliou a governan\u00e7a nas pol\u00edticas p\u00fablicas para a promo\u00e7\u00e3o da sustentabilidade na APF e as a\u00e7\u00f5es de est\u00edmulo ao consumo sustent\u00e1vel de insumos necess\u00e1rios \u00e0s atividades, como por exemplo, o uso de \u00e1gua, da energia el\u00e9trica e do papel. \u00a0Al\u00e9m disso, foram consideradas a\u00e7\u00f5es de gest\u00e3o de res\u00edduos, a destina\u00e7\u00e3o daqueles considerados recicl\u00e1veis e a utiliza\u00e7\u00e3o de crit\u00e9rios na aquisi\u00e7\u00e3o de bens e servi\u00e7os como forma de estimular a produ\u00e7\u00e3o e o consumo com maior grau de comprometimento com o desenvolvimento sustent\u00e1vel.<\/p>\n<p>Os resultados apontam grau insuficiente de gest\u00e3o e de implementa\u00e7\u00e3o das a\u00e7\u00f5es de promo\u00e7\u00e3o da sustentabilidade na APF, atua\u00e7\u00e3o deficiente no n\u00edvel central de governo e baixa evolu\u00e7\u00e3o na ado\u00e7\u00e3o de crit\u00e9rios e pr\u00e1ticas sustent\u00e1veis nas contrata\u00e7\u00f5es. A equipe de auditoria verificou, tamb\u00e9m, a implementa\u00e7\u00e3o incipiente de a\u00e7\u00f5es voltadas para a utiliza\u00e7\u00e3o de edif\u00edcios p\u00fablicos mais eficientes e sustent\u00e1veis, al\u00e9m de constatar defici\u00eancias nas iniciativas relacionadas com a gest\u00e3o de res\u00edduos e a realiza\u00e7\u00e3o de coleta seletiva solid\u00e1ria.<\/p>\n<p><strong>Eixos tem\u00e1ticos<\/strong><\/p>\n<p>Durante a auditoria operacional, foram estabelecidos 11 eixos tem\u00e1ticos e cada um deles foi avaliado como um indicador cuja pontua\u00e7\u00e3o variou de 0 a 3. A m\u00e9dia entre os indicadores foi denominada como \u00cdndice de Acompanhamento da Sustentabilidade na Administra\u00e7\u00e3o (IASA). A APF alcan\u00e7ou a pontua\u00e7\u00e3o de 1,64, o que, de acordo com a proposta de delibera\u00e7\u00e3o do relator do processo, ministro-substituto Andr\u00e9 Luis de Carvalho, denota grau m\u00e9dio de comprometimento com as medidas de sustentabilidade. O Senado, a C\u00e2mara dos Deputados e o TCU, obtiveram a maior m\u00e9dia no patamar de 2,12 pontos.<\/p>\n<p>A defini\u00e7\u00e3o dos eixos tem\u00e1ticos levou em considera\u00e7\u00e3o \u00a0a elabora\u00e7\u00e3o, implementa\u00e7\u00e3o e monitoramento do Plano de Gest\u00e3o de Log\u00edstica Sustent\u00e1vel (PLS), a racionaliza\u00e7\u00e3o no uso de energia el\u00e9trica e de \u00e1gua, atendimento a requisitos de acessibilidade, certifica\u00e7\u00e3o de pr\u00e9dios p\u00fablicos,\u00a0racionaliza\u00e7\u00e3o no uso de papel e implementa\u00e7\u00e3o de processo eletr\u00f4nico, gest\u00e3o de res\u00edduos e coleta seletiva, contrata\u00e7\u00f5es p\u00fablicas sustent\u00e1veis, mobilidade e gases do efeito estufa e conscientiza\u00e7\u00e3o, capacita\u00e7\u00e3o e ades\u00e3o a programas de sustentabilidade.<\/p>\n<p>Para melhoria do cen\u00e1rio, O TCU determinou que o Minist\u00e9rio do Planejamento, Desenvolvimento e Gest\u00e3o retome as atividades do comit\u00ea de sustentabilidade, apresente um plano destinado \u00e0 implementa\u00e7\u00e3o de um sistema de acompanhamento de a\u00e7\u00f5es e passe a fazer uso do IASA. \u00a0O Tribunal tamb\u00e9m determinou que o Minist\u00e9rio exija de outros \u00f3rg\u00e3os o alinhamento entre o Plano de Gest\u00e3o de Log\u00edstica Sustent\u00e1vel (PLS) e os planejamentos estrat\u00e9gicos e que sejam criados n\u00facleos de sustentabilidade com car\u00e1ter permanente.<\/p>\n<p><strong>Veja tamb\u00e9m inscri\u00e7\u00f5es para evento sobre o tema:<br \/>\n<\/strong><strong><a href=\"http:\/\/portal.tcu.gov.br\/imprensa\/noticias\/tcu-discute-praticas-sustentaveis-na-administracao-publica.htm\">Evento no TCU discute pr\u00e1ticas sustent\u00e1veis na administra\u00e7\u00e3o p\u00fablica &#8211;<\/a><\/strong> <em>Compras p\u00fablicas, log\u00edstica, gest\u00e3o de res\u00edduos, uso sustent\u00e1vel da \u00e1gua e de fontes de energia renov\u00e1veis ser\u00e3o temas do evento, al\u00e9m de acessibilidade e inclus\u00e3o na administra\u00e7\u00e3o p\u00fablica, \u00e9tica e governan\u00e7a de TI sustent\u00e1vel. Evento ocorre de 20 a 22\/06.<\/em><\/p>\n<p><strong>Servi\u00e7o:<br \/>\n<\/strong>Leia a \u00edntegra da decis\u00e3o: <a href=\"https:\/\/contas.tcu.gov.br\/sagas\/SvlVisualizarRelVotoAcRtf?codFiltro=SAGAS-SESSAO-ENCERRADA&amp;seOcultaPagina=S&amp;item0=586451\"> <strong>1056\/2017\u2013Plen\u00e1rio<\/strong><\/a><br \/>\nProcessos: <a href=\"https:\/\/contas.tcu.gov.br\/etcu\/AcompanharProcesso?p1=6615&amp;p2=2016&amp;p3=3\"> <strong>006.615\/2016-3<\/strong><\/a><br \/>\nSess\u00e3o: 17\/06\/2017<\/p>\n","protected":false},"excerpt":{"rendered":"<p>Para melhorar os \u00edndices, TCU prop\u00f5e a retomada das atividades do comit\u00ea de sustentabilidade e o incentivo \u00e0 ado\u00e7\u00e3o de boas pr\u00e1ticas em todo o governo Com base nas respostas aos question\u00e1rios enviados a 101 institui\u00e7\u00f5es da Administra\u00e7\u00e3o P\u00fablica Federal (APF), o Tribunal de Contas da Uni\u00e3o (TCU) verificou que \u00f3rg\u00e3os e entidades p\u00fablicas n\u00e3o avan\u00e7aram em a\u00e7\u00f5es destinadas \u00e0 [&hellip;]<\/p>\n","protected":false},"author":27,"featured_media":0,"comment_status":"open","ping_status":"closed","sticky":false,"template":"","format":"standard","meta":{"footnotes":""},"categories":[2719],"tags":[1191,6572,1382,1631,2651,98,2783,6573,1589,147,1664,3231,635],"class_list":["post-5461","post","type-post","status-publish","format-standard","hentry","category-servidor","tag-administracao","tag-apf","tag-boas","tag-comite","tag-eletrobras","tag-governo","tag-insuficientes","tag-mma","tag-praticas","tag-publica","tag-stn","tag-sustentabilidade","tag-tcu"],"_links":{"self":[{"href":"https:\/\/blogs.correiobraziliense.com.br\/servidor\/wp-json\/wp\/v2\/posts\/5461","targetHints":{"allow":["GET"]}}],"collection":[{"href":"https:\/\/blogs.correiobraziliense.com.br\/servidor\/wp-json\/wp\/v2\/posts"}],"about":[{"href":"https:\/\/blogs.correiobraziliense.com.br\/servidor\/wp-json\/wp\/v2\/types\/post"}],"author":[{"embeddable":true,"href":"https:\/\/blogs.correiobraziliense.com.br\/servidor\/wp-json\/wp\/v2\/users\/27"}],"replies":[{"embeddable":true,"href":"https:\/\/blogs.correiobraziliense.com.br\/servidor\/wp-json\/wp\/v2\/comments?post=5461"}],"version-history":[{"count":1,"href":"https:\/\/blogs.correiobraziliense.com.br\/servidor\/wp-json\/wp\/v2\/posts\/5461\/revisions"}],"predecessor-version":[{"id":5462,"href":"https:\/\/blogs.correiobraziliense.com.br\/servidor\/wp-json\/wp\/v2\/posts\/5461\/revisions\/5462"}],"wp:attachment":[{"href":"https:\/\/blogs.correiobraziliense.com.br\/servidor\/wp-json\/wp\/v2\/media?parent=5461"}],"wp:term":[{"taxonomy":"category","embeddable":true,"href":"https:\/\/blogs.correiobraziliense.com.br\/servidor\/wp-json\/wp\/v2\/categories?post=5461"},{"taxonomy":"post_tag","embeddable":true,"href":"https:\/\/blogs.correiobraziliense.com.br\/servidor\/wp-json\/wp\/v2\/tags?post=5461"}],"curies":[{"name":"wp","href":"https:\/\/api.w.org\/{rel}","templated":true}]}}