{"id":5449,"date":"2017-06-12T17:19:38","date_gmt":"2017-06-12T20:19:38","guid":{"rendered":"https:\/\/blogs.correiobraziliense.com.br\/servidor\/?p=5449"},"modified":"2017-06-12T17:19:38","modified_gmt":"2017-06-12T20:19:38","slug":"maria-tereza-uille-assume-amanha-o-cargo-de-conselheira-do-cnj","status":"publish","type":"post","link":"https:\/\/blogs.correiobraziliense.com.br\/servidor\/maria-tereza-uille-assume-amanha-o-cargo-de-conselheira-do-cnj\/","title":{"rendered":"Maria Tereza Uille assume amanh\u00e3 o cargo de conselheira do CNJ"},"content":{"rendered":"<p>A procuradora de Justi\u00e7a paranaense Maria Tereza Uille Gomes toma posse, nesta ter\u00e7a-feira (13), no Conselho Nacional de Justi\u00e7a (CNJ), no cargo de conselheira no bi\u00eanio 2017\/2019. Indicada pela C\u00e2mara dos Deputados, Uille assume uma das vagas dedicadas a cidad\u00e3os de not\u00e1vel saber jur\u00eddico e que foi ocupada at\u00e9 outubro do ano passado pelo conselheiro Emmanoel Campelo.<\/p>\n<p>Com a posse de Maria Tereza Uille, o Plen\u00e1rio do CNJ volta a contar com 15 conselheiros, seu qu\u00f3rum completo. Ela \u00e9 procuradora de Justi\u00e7a e tem um extenso hist\u00f3rico de atua\u00e7\u00e3o na \u00e1rea de pol\u00edtica criminal e penitenci\u00e1ria, um dos focos de atua\u00e7\u00e3o do CNJ.<\/p>\n<p>Formada em Direito pela Universidade Estadual de Londrina\/PR, Maria Tereza Uille ingressou no Minist\u00e9rio P\u00fablico em 1987. De 1999 a 2002, presidiu a Associa\u00e7\u00e3o Paranaense do Minist\u00e9rio P\u00fablico e, em mar\u00e7o de 2002, tornou-se a primeira mulher a assumir a Procuradoria-Geral de Justi\u00e7a do estado do Paran\u00e1.<\/p>\n<p>Entre 2011 e 2014, foi secret\u00e1ria de Justi\u00e7a, Cidadania e Direitos Humanos do Paran\u00e1, durante o primeiro mandato do governador Beto Richa (PSDB). Na \u00e9poca, foi respons\u00e1vel pela implementa\u00e7\u00e3o do Sistema Eletr\u00f4nico de Execu\u00e7\u00e3o Unificado (SEEU) no estado. O sistema, hoje difundido em todo o pa\u00eds pelo CNJ, permite o controle informatizado da execu\u00e7\u00e3o penal e das informa\u00e7\u00f5es relacionadas ao sistema carcer\u00e1rio. O uso da ferramenta reduziu em 67% a superlota\u00e7\u00e3o das unidades prisionais do Paran\u00e1 entre os anos de 2010 e 2013.<\/p>\n<p>Desde janeiro de 2016, Maria Tereza \u00e9 membro titular do Conselho Nacional de Pol\u00edtica Criminal e Penitenci\u00e1ria (CNPCP), \u00f3rg\u00e3o subordinado ao Minist\u00e9rio da Justi\u00e7a respons\u00e1vel por propor diretrizes, sugerir metas e prioridades para a pol\u00edtica criminal e penitenci\u00e1ria no pa\u00eds.<\/p>\n<p>A posse da nova conselheira acontece no Plen\u00e1rio do CNJ, em Bras\u00edlia, \u00e0s 11h45, onde estar\u00e1 sendo realizada a 253\u00aa Sess\u00e3o Ordin\u00e1ria.<\/p>\n","protected":false},"excerpt":{"rendered":"<p>A procuradora de Justi\u00e7a paranaense Maria Tereza Uille Gomes toma posse, nesta ter\u00e7a-feira (13), no Conselho Nacional de Justi\u00e7a (CNJ), no cargo de conselheira no bi\u00eanio 2017\/2019. Indicada pela C\u00e2mara dos Deputados, Uille assume uma das vagas dedicadas a cidad\u00e3os de not\u00e1vel saber jur\u00eddico e que foi ocupada at\u00e9 outubro do ano passado pelo conselheiro Emmanoel Campelo. Com a posse [&hellip;]<\/p>\n","protected":false},"author":27,"featured_media":0,"comment_status":"open","ping_status":"closed","sticky":false,"template":"","format":"standard","meta":{"footnotes":""},"categories":[2719],"tags":[61,254,6043,6541,2737,6540,853,6543,6542,4173,6544],"class_list":["post-5449","post","type-post","status-publish","format-standard","hentry","category-servidor","tag-camara","tag-cnj","tag-cnpcp","tag-conselheira","tag-criminal","tag-maria-tereza-uille","tag-mp","tag-penitenciaria","tag-procuradora","tag-psdb","tag-seeu"],"_links":{"self":[{"href":"https:\/\/blogs.correiobraziliense.com.br\/servidor\/wp-json\/wp\/v2\/posts\/5449","targetHints":{"allow":["GET"]}}],"collection":[{"href":"https:\/\/blogs.correiobraziliense.com.br\/servidor\/wp-json\/wp\/v2\/posts"}],"about":[{"href":"https:\/\/blogs.correiobraziliense.com.br\/servidor\/wp-json\/wp\/v2\/types\/post"}],"author":[{"embeddable":true,"href":"https:\/\/blogs.correiobraziliense.com.br\/servidor\/wp-json\/wp\/v2\/users\/27"}],"replies":[{"embeddable":true,"href":"https:\/\/blogs.correiobraziliense.com.br\/servidor\/wp-json\/wp\/v2\/comments?post=5449"}],"version-history":[{"count":1,"href":"https:\/\/blogs.correiobraziliense.com.br\/servidor\/wp-json\/wp\/v2\/posts\/5449\/revisions"}],"predecessor-version":[{"id":5450,"href":"https:\/\/blogs.correiobraziliense.com.br\/servidor\/wp-json\/wp\/v2\/posts\/5449\/revisions\/5450"}],"wp:attachment":[{"href":"https:\/\/blogs.correiobraziliense.com.br\/servidor\/wp-json\/wp\/v2\/media?parent=5449"}],"wp:term":[{"taxonomy":"category","embeddable":true,"href":"https:\/\/blogs.correiobraziliense.com.br\/servidor\/wp-json\/wp\/v2\/categories?post=5449"},{"taxonomy":"post_tag","embeddable":true,"href":"https:\/\/blogs.correiobraziliense.com.br\/servidor\/wp-json\/wp\/v2\/tags?post=5449"}],"curies":[{"name":"wp","href":"https:\/\/api.w.org\/{rel}","templated":true}]}}