{"id":5442,"date":"2017-06-12T15:18:24","date_gmt":"2017-06-12T18:18:24","guid":{"rendered":"https:\/\/blogs.correiobraziliense.com.br\/servidor\/?p=5442"},"modified":"2017-06-12T15:18:24","modified_gmt":"2017-06-12T18:18:24","slug":"promessa-de-barraco-no-legislativo","status":"publish","type":"post","link":"https:\/\/blogs.correiobraziliense.com.br\/servidor\/promessa-de-barraco-no-legislativo\/","title":{"rendered":"Promessa de barraco no Legislativo"},"content":{"rendered":"<p><em>Servidores querem criar sindicatos espec\u00edficos da C\u00e2mara e do Senado. Se fizerem isso, ser\u00e1 a senten\u00e7a de morte do Sindilegis<\/em><\/p>\n<p>Segundo informa\u00e7\u00f5es de funcion\u00e1rios da C\u00e2mara e do Senado, em cerca de meia hora (\u00e0s 15h30), come\u00e7a uma reuni\u00e3o dos sindicatos dos trabalhadores das duas casas, em separado. O coment\u00e1rio dos bastidores \u00e9 de que eles querem dividir o <span class=\"st\">Sindicato dos Servidores do Poder Legislativo Federal e Tribunal de Contas da Uni\u00e3o<\/span> (Sindilegis)<\/p>\n<p>De acordo com den\u00fancias, tem gente na porta dos eventos proibindo associados de participar da assembleia que est\u00e1 prestes a come\u00e7ar.\u00a0 &#8220;N\u00e3o est\u00e3o deixando entrar ningu\u00e9m, a menos que assinem um apoiamento aos novos sindicatos, um do Senado e outro da C\u00e2mara. A confus\u00e3o est\u00e1 formada. Est\u00e3o chamando a m\u00eddia, cart\u00f3rio e at\u00e9 a pol\u00edcia&#8221;, informou um funcion\u00e1rio.<\/p>\n<p>As assembleias acontecem \u00e0s 15h30, em primeira convoca\u00e7\u00e3o, ou \u00e0s 16h, em segunda convoca\u00e7\u00e3o, com qualquer n\u00famero de servidores p\u00fablicos presentes. No Anexo II da Ca\u0302mara dos Deputados Plena\u0301rio 4, em Brasi\u0301lia-DF. E no Senado Federal, Anexo II, Comissa\u0303o de Direitos Humanos, Ala Senador Nilo Coelho, Plena\u0301rio 6, em Brasi\u0301lia-DF<\/p>\n","protected":false},"excerpt":{"rendered":"<p>Servidores querem criar sindicatos espec\u00edficos da C\u00e2mara e do Senado. Se fizerem isso, ser\u00e1 a senten\u00e7a de morte do Sindilegis Segundo informa\u00e7\u00f5es de funcion\u00e1rios da C\u00e2mara e do Senado, em cerca de meia hora (\u00e0s 15h30), come\u00e7a uma reuni\u00e3o dos sindicatos dos trabalhadores das duas casas, em separado. O coment\u00e1rio dos bastidores \u00e9 de que eles querem dividir o Sindicato [&hellip;]<\/p>\n","protected":false},"author":27,"featured_media":0,"comment_status":"open","ping_status":"closed","sticky":false,"template":"","format":"standard","meta":{"footnotes":""},"categories":[2719],"tags":[6533,3013,3808,6529,61,6532,6530,6531,10,2776,53,696,3801,634],"class_list":["post-5442","post","type-post","status-publish","format-standard","hentry","category-servidor","tag-ala-senador-nilo-coelho","tag-anexo","tag-assembleias","tag-barraco","tag-camara","tag-comissao-direitos-humanos","tag-criar","tag-especificos","tag-legislativo","tag-plenario","tag-promessa","tag-senado","tag-sindicatos","tag-sindilegis"],"_links":{"self":[{"href":"https:\/\/blogs.correiobraziliense.com.br\/servidor\/wp-json\/wp\/v2\/posts\/5442","targetHints":{"allow":["GET"]}}],"collection":[{"href":"https:\/\/blogs.correiobraziliense.com.br\/servidor\/wp-json\/wp\/v2\/posts"}],"about":[{"href":"https:\/\/blogs.correiobraziliense.com.br\/servidor\/wp-json\/wp\/v2\/types\/post"}],"author":[{"embeddable":true,"href":"https:\/\/blogs.correiobraziliense.com.br\/servidor\/wp-json\/wp\/v2\/users\/27"}],"replies":[{"embeddable":true,"href":"https:\/\/blogs.correiobraziliense.com.br\/servidor\/wp-json\/wp\/v2\/comments?post=5442"}],"version-history":[{"count":1,"href":"https:\/\/blogs.correiobraziliense.com.br\/servidor\/wp-json\/wp\/v2\/posts\/5442\/revisions"}],"predecessor-version":[{"id":5443,"href":"https:\/\/blogs.correiobraziliense.com.br\/servidor\/wp-json\/wp\/v2\/posts\/5442\/revisions\/5443"}],"wp:attachment":[{"href":"https:\/\/blogs.correiobraziliense.com.br\/servidor\/wp-json\/wp\/v2\/media?parent=5442"}],"wp:term":[{"taxonomy":"category","embeddable":true,"href":"https:\/\/blogs.correiobraziliense.com.br\/servidor\/wp-json\/wp\/v2\/categories?post=5442"},{"taxonomy":"post_tag","embeddable":true,"href":"https:\/\/blogs.correiobraziliense.com.br\/servidor\/wp-json\/wp\/v2\/tags?post=5442"}],"curies":[{"name":"wp","href":"https:\/\/api.w.org\/{rel}","templated":true}]}}