{"id":5428,"date":"2017-06-09T20:58:19","date_gmt":"2017-06-09T23:58:19","guid":{"rendered":"https:\/\/blogs.correiobraziliense.com.br\/servidor\/?p=5428"},"modified":"2017-06-09T20:58:19","modified_gmt":"2017-06-09T23:58:19","slug":"anpr-repudia-as-declaracoes-feitas-pelo-presidente-do-tse-gilmar-mendes","status":"publish","type":"post","link":"https:\/\/blogs.correiobraziliense.com.br\/servidor\/anpr-repudia-as-declaracoes-feitas-pelo-presidente-do-tse-gilmar-mendes\/","title":{"rendered":"ANPR repudia as declara\u00e7\u00f5es feitas pelo presidente do TSE, Gilmar Mendes"},"content":{"rendered":"<header>\n<h3>A ANPR lamenta as declara\u00e7\u00f5es do ministro Gilmar Mendes, em plena sess\u00e3o do TSE, na tarde de hoje<\/h3>\n<\/header>\n<section>\n<div>Veja a nota:<\/div>\n<div><\/div>\n<div>A Associa\u00e7\u00e3o Nacional dos Procuradores da Rep\u00fablica (ANPR) vem a p\u00fablico para registrar o car\u00e1ter inadequado e infundado das cr\u00edticas assacadas contra o MPF, feitas pelo presidente do Tribunal Superior Eleitoral (TSE), ministro Gilmar Mendes, na tarde desta sexta-feira, durante sess\u00e3o que trata sobre a cassa\u00e7\u00e3o da chapa Dilma-Temer.<\/div>\n<div><\/div>\n<div>O Minist\u00e9rio P\u00fablico Federal tem independ\u00eancia funcional garantida na Constitui\u00e7\u00e3o e mesma estatura dos ju\u00edzes exatamente para n\u00e3o estarem seus membros submetidos a ningu\u00e9m que n\u00e3o \u00e0 lei e suas consci\u00eancias. O Brasil precisa de institui\u00e7\u00f5es que funcionem com serenidade, com impessoalidade, sem cores pol\u00edticas e sem temor.<\/div>\n<div><\/div>\n<div>Assim tem sido o comportamento do Minist\u00e9rio P\u00fablico Federal na Lava Jato e em toda sua atividade, por todos os seus membros, e assim foi a atua\u00e7\u00e3o escorreita do vice-procurador-Geral Eleitoral Nicolao Dino de Castro e Costa Neto, realizada na tarde de hoje, com todo o pa\u00eds de testemunha.<\/div>\n<div><\/div>\n<div>O MPF n\u00e3o recebe ordens de quem quer que seja e n\u00e3o exerce suas fun\u00e7\u00f5es constitucionais pedindo permiss\u00e3o a outrem, ainda que a presidentes de tribunais.<\/div>\n<div><\/div>\n<div>A ANPR lamenta assim, as declara\u00e7\u00f5es desproporcionais e sem base do presidente do Tribunal Superior Eleitoral (TSE), ministro Gilmar Mendes, em plena sess\u00e3o do TSE, na tarde de hoje.<\/div>\n<div><\/div>\n<div>O Minist\u00e9rio P\u00fablico Federal continuar\u00e1 cumprindo serenamente seu dever constitucional de zelar pelo regime democr\u00e1tico, sempre disposto a forjar a tempera das Institui\u00e7\u00f5es, com lealdade \u00e0 lei e \u00e0 Constitui\u00e7\u00e3o.<\/div>\n<div><\/div>\n<div>Jos\u00e9 Robalinho Cavalcanti<\/div>\n<div>Procurador Regional da Rep\u00fablica<\/div>\n<div>Presidente da ANPR<\/div>\n<\/section>\n","protected":false},"excerpt":{"rendered":"<p>A ANPR lamenta as declara\u00e7\u00f5es do ministro Gilmar Mendes, em plena sess\u00e3o do TSE, na tarde de hoje Veja a nota: A Associa\u00e7\u00e3o Nacional dos Procuradores da Rep\u00fablica (ANPR) vem a p\u00fablico para registrar o car\u00e1ter inadequado e infundado das cr\u00edticas assacadas contra o MPF, feitas pelo presidente do Tribunal Superior Eleitoral (TSE), ministro Gilmar Mendes, na tarde desta sexta-feira, [&hellip;]<\/p>\n","protected":false},"author":27,"featured_media":0,"comment_status":"open","ping_status":"closed","sticky":false,"template":"","format":"standard","meta":{"footnotes":""},"categories":[2719],"tags":[6509,3414,3918,2584,1274,6357,1313,3455,263,35,453,81,650,2053],"class_list":["post-5428","post","type-post","status-publish","format-standard","hentry","category-servidor","tag-anpf","tag-cassacao","tag-chapa","tag-constituicao","tag-declaracao","tag-dilma-temer","tag-funcional","tag-gilmar-mendes","tag-independencia","tag-ministro","tag-mpf","tag-presidente","tag-repudia","tag-tse"],"_links":{"self":[{"href":"https:\/\/blogs.correiobraziliense.com.br\/servidor\/wp-json\/wp\/v2\/posts\/5428","targetHints":{"allow":["GET"]}}],"collection":[{"href":"https:\/\/blogs.correiobraziliense.com.br\/servidor\/wp-json\/wp\/v2\/posts"}],"about":[{"href":"https:\/\/blogs.correiobraziliense.com.br\/servidor\/wp-json\/wp\/v2\/types\/post"}],"author":[{"embeddable":true,"href":"https:\/\/blogs.correiobraziliense.com.br\/servidor\/wp-json\/wp\/v2\/users\/27"}],"replies":[{"embeddable":true,"href":"https:\/\/blogs.correiobraziliense.com.br\/servidor\/wp-json\/wp\/v2\/comments?post=5428"}],"version-history":[{"count":1,"href":"https:\/\/blogs.correiobraziliense.com.br\/servidor\/wp-json\/wp\/v2\/posts\/5428\/revisions"}],"predecessor-version":[{"id":5429,"href":"https:\/\/blogs.correiobraziliense.com.br\/servidor\/wp-json\/wp\/v2\/posts\/5428\/revisions\/5429"}],"wp:attachment":[{"href":"https:\/\/blogs.correiobraziliense.com.br\/servidor\/wp-json\/wp\/v2\/media?parent=5428"}],"wp:term":[{"taxonomy":"category","embeddable":true,"href":"https:\/\/blogs.correiobraziliense.com.br\/servidor\/wp-json\/wp\/v2\/categories?post=5428"},{"taxonomy":"post_tag","embeddable":true,"href":"https:\/\/blogs.correiobraziliense.com.br\/servidor\/wp-json\/wp\/v2\/tags?post=5428"}],"curies":[{"name":"wp","href":"https:\/\/api.w.org\/{rel}","templated":true}]}}