{"id":5419,"date":"2017-06-09T14:56:50","date_gmt":"2017-06-09T17:56:50","guid":{"rendered":"https:\/\/blogs.correiobraziliense.com.br\/servidor\/?p=5419"},"modified":"2017-06-09T14:56:50","modified_gmt":"2017-06-09T17:56:50","slug":"economistas-avaliam-incertezas-de-permanencia-ou-saida-de-temer","status":"publish","type":"post","link":"https:\/\/blogs.correiobraziliense.com.br\/servidor\/economistas-avaliam-incertezas-de-permanencia-ou-saida-de-temer\/","title":{"rendered":"Economistas avaliam incertezas de perman\u00eancia ou sa\u00edda de Temer"},"content":{"rendered":"<p>O vazamento da dela\u00e7\u00e3o premiada do dono do frigor\u00edfico JBS, Joesley Batista, mostra o delator contando ao presidente da Rep\u00fablica, Michel Temer, que est\u00e1 pagando pelo sil\u00eancio do ex-deputado Eduardo Cunha. Isso levou a crise pol\u00edtica brasileira a um novo patamar e interrompeu a confian\u00e7a nas reformas, a\u00e7\u00f5es necess\u00e1rias para a volta do crescimento econ\u00f4mico, segundo especialistas. Agora, uma poss\u00edvel cassa\u00e7\u00e3o do presidente pelo julgamento no Tribunal do Supremo Eleitoral (TSE) traz incertezas aos economistas e investidores. O mercado deseja que quem assumir o poder continue na mesma caminhada. Pela Constitui\u00e7\u00e3o, se ocorrer uma vac\u00e2ncia na presid\u00eancia, as elei\u00e7\u00f5es ser\u00e3o de forma indireta, afirmam. Neste caso, eles analisam o atual cen\u00e1rio e apontam como pode ficar a economia.<\/p>\n<p>\u201cO governo Temer sempre foi visto pelo mercado financeiro nacional e internacional como um governo de transi\u00e7\u00e3o. Entretanto, a baixa popularidade do chefe de estado era o principal trunfo para o Brasil voltar a decolar. As reformas impopulares, como a da Previd\u00eancia, tendiam a serem aprovadas nas pr\u00f3ximas semanas. Com a bomba que caiu sobre Bras\u00edlia, essa possibilidade est\u00e1 praticamente descartada. Caso ocorra a cassa\u00e7\u00e3o, a Bolsa de Valores amanh\u00e3 deve despencar e o d\u00f3lar subir\u00e1 pelo menos 2%. O risco Brasil, que estava sendo retomado, dever\u00e1 sofrer forte rev\u00e9s. Se houver realmente este processo de mudan\u00e7a, ter\u00e1 mais consequ\u00eancias para o Brasil do que o sofrido pela Dilma\u201d, ressalta Fernando Bergallo, economista e diretor de c\u00e2mbio da FB Capital.<\/p>\n<p>\u201cEstas e outras incertezas dificultar\u00e3o ainda mais a recupera\u00e7\u00e3o da economia, do n\u00edvel de atividade. O desemprego ainda continua elevado, e h\u00e1 baixo investimento na amplia\u00e7\u00e3o da capacidade de produ\u00e7\u00e3o das ind\u00fastrias. Por outro lado, n\u00e3o descartamos a possibilidade de que a decis\u00e3o do TSE seja favor\u00e1vel ao Temer no sentido de continuidade de governo. Neste cen\u00e1rio, ent\u00e3o, vislumbramos um governo pressionado pela sociedade e as dificuldades atuais permaneceriam. Achamos que a reforma da Previd\u00eancia poderia, por exemplo, ser aprovada com mudan\u00e7a de idade m\u00ednima, com as mudan\u00e7as estruturais ficando para um novo governo em 2019. A crise pol\u00edtica permaneceria com reflexo negativo sobre a economia, d\u00f3lar mais alto, PIB mais baixo, decis\u00f5es de investimentos postergadas, alto desemprego\u201d, explica Vicente Koki, Analista-chefe da Diamond Mountain Investimentos.<\/p>\n<p>\u201cQualquer situa\u00e7\u00e3o que cause imprevisibilidade, acaba afetando o mercado de maneira direta. At\u00e9 pouco tempo atr\u00e1s, acreditava-se que seria apenas um impacto na Dilma e no PT, por\u00e9m, quando isso tamb\u00e9m ocorre com o presidente Temer, faz o mercado ter incertezas. Grandes empresas e investidores, n\u00e3o sabem como proceder e para onde os neg\u00f3cios ir\u00e3o se houver uma cassa\u00e7\u00e3o. \u00c9 importante que ocorra uma substitui\u00e7\u00e3o r\u00e1pida, algu\u00e9m que traga uma unidade para a pol\u00edtica, e que de certo modo os planos possam ser iguais ao do presidente Temer, para que continue caminhando e dando os resultados que aconteciam, assim, tranquilizando o mercado&#8221;, afirma Andr\u00e9 Bona, Educador financeiro.<\/p>\n","protected":false},"excerpt":{"rendered":"<p>O vazamento da dela\u00e7\u00e3o premiada do dono do frigor\u00edfico JBS, Joesley Batista, mostra o delator contando ao presidente da Rep\u00fablica, Michel Temer, que est\u00e1 pagando pelo sil\u00eancio do ex-deputado Eduardo Cunha. Isso levou a crise pol\u00edtica brasileira a um novo patamar e interrompeu a confian\u00e7a nas reformas, a\u00e7\u00f5es necess\u00e1rias para a volta do crescimento econ\u00f4mico, segundo especialistas. Agora, uma poss\u00edvel [&hellip;]<\/p>\n","protected":false},"author":27,"featured_media":0,"comment_status":"open","ping_status":"closed","sticky":false,"template":"","format":"standard","meta":{"footnotes":""},"categories":[2719],"tags":[2291,6467,3172,5109,373,1941,1932,2867,1619,6393,1949,2474,5336,6481,765,549,4062,1893,1097,4549,2023,2226,2053,6480],"class_list":["post-5419","post","type-post","status-publish","format-standard","hentry","category-servidor","tag-avaliam","tag-bolsa-de-valores","tag-confianca","tag-delacao","tag-dolar","tag-economistas","tag-eduardo-cunha","tag-incertezas","tag-investidores","tag-joesley-batista","tag-julgamento","tag-michel-temer","tag-permanencia","tag-popularidade","tag-presidencia-da-republica","tag-previdencia","tag-rapida","tag-reformas","tag-saida","tag-silencio","tag-substituicao","tag-transicao","tag-tse","tag-vazamento"],"_links":{"self":[{"href":"https:\/\/blogs.correiobraziliense.com.br\/servidor\/wp-json\/wp\/v2\/posts\/5419","targetHints":{"allow":["GET"]}}],"collection":[{"href":"https:\/\/blogs.correiobraziliense.com.br\/servidor\/wp-json\/wp\/v2\/posts"}],"about":[{"href":"https:\/\/blogs.correiobraziliense.com.br\/servidor\/wp-json\/wp\/v2\/types\/post"}],"author":[{"embeddable":true,"href":"https:\/\/blogs.correiobraziliense.com.br\/servidor\/wp-json\/wp\/v2\/users\/27"}],"replies":[{"embeddable":true,"href":"https:\/\/blogs.correiobraziliense.com.br\/servidor\/wp-json\/wp\/v2\/comments?post=5419"}],"version-history":[{"count":1,"href":"https:\/\/blogs.correiobraziliense.com.br\/servidor\/wp-json\/wp\/v2\/posts\/5419\/revisions"}],"predecessor-version":[{"id":5420,"href":"https:\/\/blogs.correiobraziliense.com.br\/servidor\/wp-json\/wp\/v2\/posts\/5419\/revisions\/5420"}],"wp:attachment":[{"href":"https:\/\/blogs.correiobraziliense.com.br\/servidor\/wp-json\/wp\/v2\/media?parent=5419"}],"wp:term":[{"taxonomy":"category","embeddable":true,"href":"https:\/\/blogs.correiobraziliense.com.br\/servidor\/wp-json\/wp\/v2\/categories?post=5419"},{"taxonomy":"post_tag","embeddable":true,"href":"https:\/\/blogs.correiobraziliense.com.br\/servidor\/wp-json\/wp\/v2\/tags?post=5419"}],"curies":[{"name":"wp","href":"https:\/\/api.w.org\/{rel}","templated":true}]}}