{"id":5389,"date":"2017-06-08T11:09:26","date_gmt":"2017-06-08T14:09:26","guid":{"rendered":"https:\/\/blogs.correiobraziliense.com.br\/servidor\/?p=5389"},"modified":"2017-06-08T11:09:26","modified_gmt":"2017-06-08T14:09:26","slug":"oit-rejeita-denuncias-de-que-modernizacao-das-leis-retire-direitos-do-trabalhador","status":"publish","type":"post","link":"https:\/\/blogs.correiobraziliense.com.br\/servidor\/oit-rejeita-denuncias-de-que-modernizacao-das-leis-retire-direitos-do-trabalhador\/","title":{"rendered":"OIT rejeita den\u00fancias de que moderniza\u00e7\u00e3o das leis retire direitos do trabalhador"},"content":{"rendered":"<p>A Organiza\u00e7\u00e3o Internacional do Trabalho (OIT) excluiu o Brasil da lista de poss\u00edveis infratores das normas trabalhistas internacionais. A decis\u00e3o foi anunciada na ter\u00e7a-feira (06). Com isso, a entidade n\u00e3o avaliza as acusa\u00e7\u00f5es de que a moderniza\u00e7\u00e3o das leis do trabalho no pa\u00eds poder\u00e3o infringir direitos do trabalhador. O caso brasileiro foi levado at\u00e9 a OIT ap\u00f3s den\u00fancias das centrais sindicais, que agora deve ser arquivada.<\/p>\n<p>O relator do projeto na C\u00e2mara, deputado federal Rog\u00e9rio Marinho (PSDB), esteve h\u00e1 cerca de duas semanas pessoalmente na sede da OIT, em Genebra, Su\u00ed\u00e7a, a convite da chancelaria brasileira. O parlamentar foi defender as propostas e explicar que as medidas n\u00e3o correspondiam a qualquer amea\u00e7a aos direitos dos trabalhadores.<\/p>\n<p>&#8220;\u00c9 o reconhecimento internacional de que a nossa moderniza\u00e7\u00e3o das leis trabalhistas n\u00e3o infringe qualquer direito e que n\u00e3o \u00e9 poss\u00edvel que organismos internacionais sejam usados de forma mesquinha para avalizar posi\u00e7\u00f5es pol\u00edticas de grupos e partidos que t\u00eam interesses contrariados no nosso pa\u00eds. O Brasil est\u00e1 modernizando a sua lei para gerar novos empregos, sem colocar em risco nenhum direito conquistado pelo trabalhador&#8221;, disse Rog\u00e9rio Marinho.<\/p>\n<p>Durante sua passagem por Genebra, o deputado cumpriu longa agenda de reuni\u00f5es com embaixadores e membros da ONU e da OIT, com apoio da miss\u00e3o brasileira local. O projeto de moderniza\u00e7\u00e3o das leis trabalhistas foi aprovado nesta ter\u00e7a-feira (06) na Comiss\u00e3o de Assuntos Econ\u00f4micos do Senado, onde segue tramitando.<\/p>\n<p>Fonte: assessoria do deputado Rog\u00e9rio Marinho<\/p>\n","protected":false},"excerpt":{"rendered":"<p>A Organiza\u00e7\u00e3o Internacional do Trabalho (OIT) excluiu o Brasil da lista de poss\u00edveis infratores das normas trabalhistas internacionais. A decis\u00e3o foi anunciada na ter\u00e7a-feira (06). Com isso, a entidade n\u00e3o avaliza as acusa\u00e7\u00f5es de que a moderniza\u00e7\u00e3o das leis do trabalho no pa\u00eds poder\u00e3o infringir direitos do trabalhador. O caso brasileiro foi levado at\u00e9 a OIT ap\u00f3s den\u00fancias das centrais [&hellip;]<\/p>\n","protected":false},"author":27,"featured_media":0,"comment_status":"open","ping_status":"closed","sticky":false,"template":"","format":"standard","meta":{"footnotes":""},"categories":[2719],"tags":[2780,457,619,5032,4946,2068,3621,1728,6446,5902,696,408,6447],"class_list":["post-5389","post","type-post","status-publish","format-standard","hentry","category-servidor","tag-cae","tag-denuncias","tag-direitos","tag-leis","tag-modernizacao","tag-oit","tag-onu","tag-rejeita","tag-retire","tag-rogerio-marinho","tag-senado","tag-trabalhistas","tag-tramitando"],"_links":{"self":[{"href":"https:\/\/blogs.correiobraziliense.com.br\/servidor\/wp-json\/wp\/v2\/posts\/5389","targetHints":{"allow":["GET"]}}],"collection":[{"href":"https:\/\/blogs.correiobraziliense.com.br\/servidor\/wp-json\/wp\/v2\/posts"}],"about":[{"href":"https:\/\/blogs.correiobraziliense.com.br\/servidor\/wp-json\/wp\/v2\/types\/post"}],"author":[{"embeddable":true,"href":"https:\/\/blogs.correiobraziliense.com.br\/servidor\/wp-json\/wp\/v2\/users\/27"}],"replies":[{"embeddable":true,"href":"https:\/\/blogs.correiobraziliense.com.br\/servidor\/wp-json\/wp\/v2\/comments?post=5389"}],"version-history":[{"count":1,"href":"https:\/\/blogs.correiobraziliense.com.br\/servidor\/wp-json\/wp\/v2\/posts\/5389\/revisions"}],"predecessor-version":[{"id":5390,"href":"https:\/\/blogs.correiobraziliense.com.br\/servidor\/wp-json\/wp\/v2\/posts\/5389\/revisions\/5390"}],"wp:attachment":[{"href":"https:\/\/blogs.correiobraziliense.com.br\/servidor\/wp-json\/wp\/v2\/media?parent=5389"}],"wp:term":[{"taxonomy":"category","embeddable":true,"href":"https:\/\/blogs.correiobraziliense.com.br\/servidor\/wp-json\/wp\/v2\/categories?post=5389"},{"taxonomy":"post_tag","embeddable":true,"href":"https:\/\/blogs.correiobraziliense.com.br\/servidor\/wp-json\/wp\/v2\/tags?post=5389"}],"curies":[{"name":"wp","href":"https:\/\/api.w.org\/{rel}","templated":true}]}}