{"id":5349,"date":"2017-06-05T20:50:43","date_gmt":"2017-06-05T23:50:43","guid":{"rendered":"https:\/\/blogs.correiobraziliense.com.br\/servidor\/?p=5349"},"modified":"2017-06-05T20:50:43","modified_gmt":"2017-06-05T23:50:43","slug":"reforma-da-previdencia-devera-ser-adiada-para-o-proximo-governo-afirmam-lideres-do-congresso","status":"publish","type":"post","link":"https:\/\/blogs.correiobraziliense.com.br\/servidor\/reforma-da-previdencia-devera-ser-adiada-para-o-proximo-governo-afirmam-lideres-do-congresso\/","title":{"rendered":"Reforma da Previd\u00eancia dever\u00e1 ser adiada para o pr\u00f3ximo governo, afirmam l\u00edderes do Congresso"},"content":{"rendered":"<p style=\"text-align: left\" align=\"center\"><em>Pesquisa da Fenafisco revela que a PEC 287\/16 dever\u00e1 avan\u00e7ar somente ap\u00f3s a elei\u00e7\u00e3o de um novo presidente da Rep\u00fablica, que vier\u00a0<\/em><em>a suceder o governo de Michel Temer<\/em><\/p>\n<p>O avan\u00e7o da reforma da Previd\u00eancia e as chances de a proposta vir a ser aprovada parecem cada vez mais distantes. O cen\u00e1rio \u00e9 confirmado a partir de uma pesquisa da Federa\u00e7\u00e3o Nacional do Fisco Estadual e Distrital (Fenafisco) que ouviu 42 lideran\u00e7as do Congresso Nacional, entre l\u00edderes de partidos da base aliada e oposi\u00e7\u00e3o, al\u00e9m de presidentes de comiss\u00f5es do Senado Federal e da C\u00e2mara dos Deputados.<\/p>\n<p>De acordo com o levantamento, 36% dos parlamentares ouvidos afirmaram que a reforma da Previd\u00eancia ser\u00e1 adiada para o governo que suceder\u00e1 o de Michel Temer. Ao avaliar os \u00faltimos acontecimentos no cen\u00e1rio pol\u00edtico, 33% afirmaram que a proposta ser\u00e1 rejeitada ou arquivada. Somente 19% dos entrevistados ainda acreditam que o texto poder\u00e1 ser aprovado conforme o \u00faltimo relat\u00f3rio ou com novas altera\u00e7\u00f5es.<\/p>\n<p>A pesquisa foi feita entre os dias 25 e <span id=\"OBJ_PREFIX_DWT1332_com_zimbra_date\" class=\"Object\"><span id=\"OBJ_PREFIX_DWT1337_com_zimbra_date\" class=\"Object\">26 de maio<\/span><\/span> e ouviu parlamentares das duas Casas, sendo 76% da C\u00e2mara e 17% do Senado. As entrevistas foram colhidas na semana seguinte \u00e0s dela\u00e7\u00f5es da JBS, logo ap\u00f3s <span id=\"OBJ_PREFIX_DWT1333_com_zimbra_date\" class=\"Object\"><span id=\"OBJ_PREFIX_DWT1338_com_zimbra_date\" class=\"Object\">ter<\/span><\/span> sido revelado o \u00e1udio de uma conversa entre o presidente Michel Temer e o empres\u00e1rio Joesley Batista.<\/p>\n<p>Para o presidente da Fenafisco, Charles Alcantara, a pesquisa confirma um cen\u00e1rio de incertezas e instabilidade. \u201cEsses dados demonstram o receio dos pr\u00f3prios parlamentares em discutir temas importantes, que podem desestabilizar o pa\u00eds ainda mais nesse momento. A sociedade n\u00e3o quer discutir Previd\u00eancia ou aposentadoria com tamanhos esc\u00e2ndalos de corrup\u00e7\u00e3o revelados. Queremos passar a limpo o que est\u00e1 acontecendo com o pa\u00eds, se aquele que preside o Brasil tem condi\u00e7\u00f5es ou n\u00e3o de continuar. Queremos esclarecer atos graves antes de qualquer outro passo\u201d, defende.<\/p>\n<p>A Fenafisco \u2013 federa\u00e7\u00e3o que representa mais de 35 mil auditores fiscais tribut\u00e1rios de todo o pa\u00eds \u2013 tem posi\u00e7\u00e3o contr\u00e1ria \u00e0 reforma da Previd\u00eancia. O presidente da entidade explica que a pesquisa vem como um term\u00f4metro. \u201cCerca de 70% dos parlamentares ouvidos s\u00e3o da base do atual governo. Sem d\u00favida o Pal\u00e1cio do Planalto n\u00e3o vai admitir o enfraquecimento do apoio do Legislativo ao tema, mas os n\u00fameros mostram a realidade. A sociedade precisa estar atentar, porque se imaginarmos um cen\u00e1rio de elei\u00e7\u00f5es indiretas, o que pode ser bem poss\u00edvel a curto prazo, qualquer discuss\u00e3o em torno da reforma da Previd\u00eancia n\u00e3o pode ser motivo de moeda de troca\u201d, alerta Alcantara.<\/p>\n<p><strong><span id=\"OBJ_PREFIX_DWT1334_com_zimbra_url\" class=\"Object\"><span id=\"OBJ_PREFIX_DWT1339_com_zimbra_url\" class=\"Object\"><a id=\"TNQ3NAcFSg4abJz2hKQ5zQ==\" href=\"https:\/\/app.workr.com.br\/Download.aspx?arquivo=TNQ3NAcFSg4abJz2hKQ5zQ==\" target=\"_blank\">PESQUISA FENAFISCO<\/a><\/span><\/span>\u00a0&#8211; ACESSE A \u00cdNTEGRA<\/strong><\/p>\n<p>A pesquisa da Fenafisco foi realizada pelo Congresso em Foco, em parceria com o Instituto Brasileiro de An\u00e1lise de Dados (IBPAD).<\/p>\n","protected":false},"excerpt":{"rendered":"<p>Pesquisa da Fenafisco revela que a PEC 287\/16 dever\u00e1 avan\u00e7ar somente ap\u00f3s a elei\u00e7\u00e3o de um novo presidente da Rep\u00fablica, que vier\u00a0a suceder o governo de Michel Temer O avan\u00e7o da reforma da Previd\u00eancia e as chances de a proposta vir a ser aprovada parecem cada vez mais distantes. O cen\u00e1rio \u00e9 confirmado a partir de uma pesquisa da Federa\u00e7\u00e3o [&hellip;]<\/p>\n","protected":false},"author":27,"featured_media":0,"comment_status":"open","ping_status":"closed","sticky":false,"template":"","format":"standard","meta":{"footnotes":""},"categories":[2719],"tags":[2823,61,100,4320,98,1961,3424,268,4830,81,549,6369,711,1417,696],"class_list":["post-5349","post","type-post","status-publish","format-standard","hentry","category-servidor","tag-adiada","tag-camara","tag-congresso","tag-fenafisco","tag-governo","tag-lideres","tag-oposicao","tag-parlamentares","tag-pec-28716","tag-presidente","tag-previdencia","tag-proximo","tag-reforma","tag-republica","tag-senado"],"_links":{"self":[{"href":"https:\/\/blogs.correiobraziliense.com.br\/servidor\/wp-json\/wp\/v2\/posts\/5349","targetHints":{"allow":["GET"]}}],"collection":[{"href":"https:\/\/blogs.correiobraziliense.com.br\/servidor\/wp-json\/wp\/v2\/posts"}],"about":[{"href":"https:\/\/blogs.correiobraziliense.com.br\/servidor\/wp-json\/wp\/v2\/types\/post"}],"author":[{"embeddable":true,"href":"https:\/\/blogs.correiobraziliense.com.br\/servidor\/wp-json\/wp\/v2\/users\/27"}],"replies":[{"embeddable":true,"href":"https:\/\/blogs.correiobraziliense.com.br\/servidor\/wp-json\/wp\/v2\/comments?post=5349"}],"version-history":[{"count":1,"href":"https:\/\/blogs.correiobraziliense.com.br\/servidor\/wp-json\/wp\/v2\/posts\/5349\/revisions"}],"predecessor-version":[{"id":5350,"href":"https:\/\/blogs.correiobraziliense.com.br\/servidor\/wp-json\/wp\/v2\/posts\/5349\/revisions\/5350"}],"wp:attachment":[{"href":"https:\/\/blogs.correiobraziliense.com.br\/servidor\/wp-json\/wp\/v2\/media?parent=5349"}],"wp:term":[{"taxonomy":"category","embeddable":true,"href":"https:\/\/blogs.correiobraziliense.com.br\/servidor\/wp-json\/wp\/v2\/categories?post=5349"},{"taxonomy":"post_tag","embeddable":true,"href":"https:\/\/blogs.correiobraziliense.com.br\/servidor\/wp-json\/wp\/v2\/tags?post=5349"}],"curies":[{"name":"wp","href":"https:\/\/api.w.org\/{rel}","templated":true}]}}