{"id":5327,"date":"2017-06-05T12:38:14","date_gmt":"2017-06-05T15:38:14","guid":{"rendered":"https:\/\/blogs.correiobraziliense.com.br\/servidor\/?p=5327"},"modified":"2017-06-05T12:38:14","modified_gmt":"2017-06-05T15:38:14","slug":"centrais-sindicais-preparam-nova-greve-geral-para-30-de-junho","status":"publish","type":"post","link":"https:\/\/blogs.correiobraziliense.com.br\/servidor\/centrais-sindicais-preparam-nova-greve-geral-para-30-de-junho\/","title":{"rendered":"Centrais Sindicais preparam nova greve geral para 30 de junho"},"content":{"rendered":"<p>As centrais sindicais (CUT, UGT, For\u00e7a Sindical, CTB, Nova Central, CGTB, CSP-Conlutas, Intersindical, CSB e A P\u00fablica- Central do Servidor) convocam todas as suas bases para o calend\u00e1rio de luta e indicam uma nova greve geral dia 30 de junho.<\/p>\n<p>As centrais sindicais informam que ir\u00e3o colocar for\u00e7a total na mobiliza\u00e7\u00e3o da greve em defesa dos direitos sociais e trabalhistas, contra as reformas trabalhista e previdenci\u00e1ria, contra a terceiriza\u00e7\u00e3o indiscriminada e pelo #ForaTemer.<\/p>\n<p>Dentro do calend\u00e1rio de luta, as centrais tamb\u00e9m convocam para o dia 20 de junho &#8220;O Esquenta Greve Geral&#8221;, um dia de mobiliza\u00e7\u00e3o nacional pela convoca\u00e7\u00e3o da greve geral.<\/p>\n<p>Ficou definido tamb\u00e9m a produ\u00e7\u00e3o de jornal unificado para a ampla mobiliza\u00e7\u00e3o da sociedade. E ficou agendada nova reuni\u00e3o para organiza\u00e7\u00e3o da greve geral para o dia 07 de junho de 2017, \u00e0s 10h, na sede do Dieese.<\/p>\n<p><strong>Agenda<\/strong><\/p>\n<p>&#8211; <strong>06 a 23 de junho<\/strong>: Convoca\u00e7\u00e3o de plen\u00e1rias, assembleias e reuni\u00f5es, em todo o Brasil, para a constru\u00e7\u00e3o da greve geral.<\/p>\n<p>&#8211; <strong>20 de junho<\/strong>: Esquenta greve geral com atos e panfletagens das centrais sindicais;<\/p>\n<p>&#8211; <strong>30 de junho<\/strong>: greve geral.<\/p>\n","protected":false},"excerpt":{"rendered":"<p>As centrais sindicais (CUT, UGT, For\u00e7a Sindical, CTB, Nova Central, CGTB, CSP-Conlutas, Intersindical, CSB e A P\u00fablica- Central do Servidor) convocam todas as suas bases para o calend\u00e1rio de luta e indicam uma nova greve geral dia 30 de junho. As centrais sindicais informam que ir\u00e3o colocar for\u00e7a total na mobiliza\u00e7\u00e3o da greve em defesa dos direitos sociais e trabalhistas, [&hellip;]<\/p>\n","protected":false},"author":27,"featured_media":0,"comment_status":"open","ping_status":"closed","sticky":false,"template":"","format":"standard","meta":{"footnotes":""},"categories":[2719],"tags":[1828,1259,3326,1723,6341,999,619,870,2907,15,6342,481,2967,2657,132,147,1893,1260,1895,1251,6343,2966],"class_list":["post-5327","post","type-post","status-publish","format-standard","hentry","category-servidor","tag-calendario","tag-centrais","tag-cgtb","tag-csb","tag-csp-conlutas","tag-cut","tag-direitos","tag-forca-sindical","tag-geral","tag-greve","tag-inetersindical","tag-mobilizacao","tag-nova-central","tag-preparam","tag-previdenciaria","tag-publica","tag-reformas","tag-sindicais","tag-temer","tag-terceirizacao","tag-trab-alhista","tag-ugt"],"_links":{"self":[{"href":"https:\/\/blogs.correiobraziliense.com.br\/servidor\/wp-json\/wp\/v2\/posts\/5327","targetHints":{"allow":["GET"]}}],"collection":[{"href":"https:\/\/blogs.correiobraziliense.com.br\/servidor\/wp-json\/wp\/v2\/posts"}],"about":[{"href":"https:\/\/blogs.correiobraziliense.com.br\/servidor\/wp-json\/wp\/v2\/types\/post"}],"author":[{"embeddable":true,"href":"https:\/\/blogs.correiobraziliense.com.br\/servidor\/wp-json\/wp\/v2\/users\/27"}],"replies":[{"embeddable":true,"href":"https:\/\/blogs.correiobraziliense.com.br\/servidor\/wp-json\/wp\/v2\/comments?post=5327"}],"version-history":[{"count":1,"href":"https:\/\/blogs.correiobraziliense.com.br\/servidor\/wp-json\/wp\/v2\/posts\/5327\/revisions"}],"predecessor-version":[{"id":5328,"href":"https:\/\/blogs.correiobraziliense.com.br\/servidor\/wp-json\/wp\/v2\/posts\/5327\/revisions\/5328"}],"wp:attachment":[{"href":"https:\/\/blogs.correiobraziliense.com.br\/servidor\/wp-json\/wp\/v2\/media?parent=5327"}],"wp:term":[{"taxonomy":"category","embeddable":true,"href":"https:\/\/blogs.correiobraziliense.com.br\/servidor\/wp-json\/wp\/v2\/categories?post=5327"},{"taxonomy":"post_tag","embeddable":true,"href":"https:\/\/blogs.correiobraziliense.com.br\/servidor\/wp-json\/wp\/v2\/tags?post=5327"}],"curies":[{"name":"wp","href":"https:\/\/api.w.org\/{rel}","templated":true}]}}