{"id":5321,"date":"2017-06-05T12:25:01","date_gmt":"2017-06-05T15:25:01","guid":{"rendered":"https:\/\/blogs.correiobraziliense.com.br\/servidor\/?p=5321"},"modified":"2017-06-05T12:25:01","modified_gmt":"2017-06-05T15:25:01","slug":"inscricoes-para-mestrado-e-doutorado-na-ucb-terminam-nesta-quarta-76","status":"publish","type":"post","link":"https:\/\/blogs.correiobraziliense.com.br\/servidor\/inscricoes-para-mestrado-e-doutorado-na-ucb-terminam-nesta-quarta-76\/","title":{"rendered":"Inscri\u00e7\u00f5es para Mestrado e Doutorado na UCB terminam nesta quarta (7\/6)"},"content":{"rendered":"<p><i>As\u00a0inscri\u00e7\u00f5es\u00a0para o processo seletivo do 2\u00ba semestre de 2017 dos programas de p\u00f3s-gradua\u00e7\u00e3o stricto sensu presenciais e a dist\u00e2ncia v\u00e3o at\u00e9 o dia 7 de junho.<\/i><\/p>\n<p>A Universidade\u00a0Cat\u00f3lica\u00a0de Bras\u00edlia (UCB) est\u00e1 com\u00a0inscri\u00e7\u00f5es\u00a0abertas para o processo seletivo do 2\u00ba semestre de 2017 dos programas de p\u00f3s-gradua\u00e7\u00e3o <em>stricto sensu (mestrado e doutorado).\u00a0<\/em>Os candidatos ter\u00e3o at\u00e9 o dia 7 de junho para realizar as\u00a0inscri\u00e7\u00f5es pelo\u00a0<u><a href=\"http:\/\/www.ucb.br\/\">portal<\/a><\/u>\u00a0da UCB. O valor da\u00a0taxa \u00e9 de R$ 90 (noventa reais), podendo ser paga em qualquer ag\u00eancia banc\u00e1ria at\u00e9 o dia 9 de junho.<\/p>\n<p>A Universidade\u00a0Cat\u00f3lica de Bras\u00edlia\u00a0oferece vagas para sete programas de p\u00f3s-gradua\u00e7\u00e3o <em>stricto sensu<\/em>, com seis op\u00e7\u00f5es de mestrado e tr\u00eas de doutorado. O candidato poder\u00e1 conferir todas as informa\u00e7\u00f5es referentes aos processos no <a href=\"http:\/\/www.ucb.br\/\">portal da UCB<\/a>, por meio dos editais dos cursos dispon\u00edveis. Em caso de d\u00favidas referentes \u00e0 inscri\u00e7\u00e3o, ligue (61) 3356-9000.<\/p>\n<p><strong><em>Stricto Sensu<\/em><\/strong><\/p>\n<p>A p\u00f3s-gradua\u00e7\u00e3o\u00a0<em>stricto sensu<\/em>\u00a0\u00e9 constitu\u00edda por programas de mestrado e doutorado. Essa op\u00e7\u00e3o \u00e9 voltada para profissionais focados em pesquisas e descobertas, que buscam evolu\u00e7\u00e3o na \u00e1rea acad\u00eamica, institutos de pesquisa, empresas inovadoras e organismos p\u00fablicos.<\/p>\n<p><strong>Confira a lista dos cursos oferecidos pela UCB neste semestre: <\/strong><\/p>\n<p><strong><u>P\u00f3s-Gradua\u00e7\u00e3o <em>Stricto Sensu<\/em><\/u><\/strong><\/p>\n<p><strong><br \/>\nMestrado<\/strong><\/p>\n<ul>\n<li>Ci\u00eancias Gen\u00f4micas e Biotecnologia<\/li>\n<li>Comunica\u00e7\u00e3o<\/li>\n<li>Direito<\/li>\n<li>Gerontologia<\/li>\n<li>Mestrado em Gest\u00e3o do Conhecimento e Tecnologia da Informa\u00e7\u00e3o<\/li>\n<li>Psicologia<\/li>\n<\/ul>\n<p><strong>Doutorado<\/strong><\/p>\n<ul>\n<li>Ci\u00eancias Gen\u00f4micas e Biotecnologia<\/li>\n<li>Economia<\/li>\n<li>Educa\u00e7\u00e3o F\u00edsica<\/li>\n<\/ul>\n","protected":false},"excerpt":{"rendered":"<p>As\u00a0inscri\u00e7\u00f5es\u00a0para o processo seletivo do 2\u00ba semestre de 2017 dos programas de p\u00f3s-gradua\u00e7\u00e3o stricto sensu presenciais e a dist\u00e2ncia v\u00e3o at\u00e9 o dia 7 de junho. A Universidade\u00a0Cat\u00f3lica\u00a0de Bras\u00edlia (UCB) est\u00e1 com\u00a0inscri\u00e7\u00f5es\u00a0abertas para o processo seletivo do 2\u00ba semestre de 2017 dos programas de p\u00f3s-gradua\u00e7\u00e3o stricto sensu (mestrado e doutorado).\u00a0Os candidatos ter\u00e3o at\u00e9 o dia 7 de junho para realizar [&hellip;]<\/p>\n","protected":false},"author":27,"featured_media":0,"comment_status":"open","ping_status":"closed","sticky":false,"template":"","format":"standard","meta":{"footnotes":""},"categories":[2719],"tags":[3745,6340,2695,4342,425,781,424,187,4340,6339,6338,4007,5852],"class_list":["post-5321","post","type-post","status-publish","format-standard","hentry","category-servidor","tag-agencia","tag-bancaria","tag-candidato","tag-distancia","tag-doutorado","tag-inscricoes","tag-mestrado","tag-pesquisa","tag-pos-graduacao","tag-sensu","tag-stricto","tag-taxa","tag-ucb"],"_links":{"self":[{"href":"https:\/\/blogs.correiobraziliense.com.br\/servidor\/wp-json\/wp\/v2\/posts\/5321","targetHints":{"allow":["GET"]}}],"collection":[{"href":"https:\/\/blogs.correiobraziliense.com.br\/servidor\/wp-json\/wp\/v2\/posts"}],"about":[{"href":"https:\/\/blogs.correiobraziliense.com.br\/servidor\/wp-json\/wp\/v2\/types\/post"}],"author":[{"embeddable":true,"href":"https:\/\/blogs.correiobraziliense.com.br\/servidor\/wp-json\/wp\/v2\/users\/27"}],"replies":[{"embeddable":true,"href":"https:\/\/blogs.correiobraziliense.com.br\/servidor\/wp-json\/wp\/v2\/comments?post=5321"}],"version-history":[{"count":1,"href":"https:\/\/blogs.correiobraziliense.com.br\/servidor\/wp-json\/wp\/v2\/posts\/5321\/revisions"}],"predecessor-version":[{"id":5322,"href":"https:\/\/blogs.correiobraziliense.com.br\/servidor\/wp-json\/wp\/v2\/posts\/5321\/revisions\/5322"}],"wp:attachment":[{"href":"https:\/\/blogs.correiobraziliense.com.br\/servidor\/wp-json\/wp\/v2\/media?parent=5321"}],"wp:term":[{"taxonomy":"category","embeddable":true,"href":"https:\/\/blogs.correiobraziliense.com.br\/servidor\/wp-json\/wp\/v2\/categories?post=5321"},{"taxonomy":"post_tag","embeddable":true,"href":"https:\/\/blogs.correiobraziliense.com.br\/servidor\/wp-json\/wp\/v2\/tags?post=5321"}],"curies":[{"name":"wp","href":"https:\/\/api.w.org\/{rel}","templated":true}]}}