{"id":5303,"date":"2017-06-02T17:21:55","date_gmt":"2017-06-02T20:21:55","guid":{"rendered":"https:\/\/blogs.correiobraziliense.com.br\/servidor\/?p=5303"},"modified":"2017-06-02T17:21:55","modified_gmt":"2017-06-02T20:21:55","slug":"abear-planejamento-e-informacao-trunfos-para-montar-bagagem-de-mao","status":"publish","type":"post","link":"https:\/\/blogs.correiobraziliense.com.br\/servidor\/abear-planejamento-e-informacao-trunfos-para-montar-bagagem-de-mao\/","title":{"rendered":"Abear &#8211; Planejamento e informa\u00e7\u00e3o: trunfos para montar a bagagem de m\u00e3o"},"content":{"rendered":"<div>\u201cO b\u00e1sico \u00e9 o novo m\u00e1ximo\u201d \u00e9 o lema da nova etapa da campanha da Associa\u00e7\u00e3o Brasileira das Empresas A\u00e9reas (Abear), que j\u00e1 est\u00e1 no ar. O material traz dicas para o passageiro montar uma bagagem de m\u00e3o de acordo com o novo padr\u00e3o das viagens de avi\u00e3o, que aumentou para dez quilos.<\/div>\n<div><\/div>\n<div>As pe\u00e7as lembram que \u00e9 importante o planejamento dos itens que v\u00e3o na mala, de acordo com a dura\u00e7\u00e3o da viagem e do clima no destino. Consultar a previs\u00e3o do tempo \u00e9 essencial, assim fica mais assertiva a escolha de roupas mais leves ou mais pesadas.<\/div>\n<div><\/div>\n<div>O mais recente conjunto de pe\u00e7as informativas integra a terceira fase de uma campanha que aborda as mudan\u00e7as recentes que aconteceram na avia\u00e7\u00e3o \u2013 e mostra como o consumidor pode se beneficiar com as novas regras.<\/div>\n<div><\/div>\n<div>Agora, o passageiro tem a garantia da passagem de volta, mesmo que tenha cancelado a ida (v\u00e1lido para voos dom\u00e9sticos). O consumidor tamb\u00e9m tem a op\u00e7\u00e3o de desistir da compra de uma passagem em at\u00e9 24h, desde que o bilhete tenha sido adquirido, no m\u00ednimo, sete dias antes do voo. Essa mudan\u00e7a torna o poder de decis\u00e3o de compra mais flex\u00edvel e aumenta a competitividade entre as companhias a\u00e9reas.<\/div>\n<div><\/div>\n<div>A campanha contempla um v\u00eddeo que est\u00e1 dispon\u00edvel nas TVs de bordo das aeronaves das companhias associadas e no <a href=\"https:\/\/www.youtube.com\/watch?v=gs4pGfSnv7Q\" target=\"_blank\">Youtube<\/a> da ABEAR. E conta com pe\u00e7as nas revistas das aeronaves, <a href=\"https:\/\/www.facebook.com\/abear.br\/\" target=\"_blank\">redes sociais<\/a> e <a href=\"http:\/\/www.abear.com.br\/\" target=\"_blank\">site<\/a> da associa\u00e7\u00e3o.<\/div>\n<div><\/div>\n<div>Para saber mais sobre as mudan\u00e7as, baixe o \u201cGuia Voar Melhor\u201d.<\/div>\n<p><strong><em>Abear<\/em><\/strong><\/p>\n<div><em>Criada em 2012 pelas cinco principais companhias a\u00e9reas brasileiras \u2013 Avianca, Azul, Gol, TAM (atual Latam) e Trip (que se uniu \u00e0 AZUL), com a miss\u00e3o de estimular o h\u00e1bito de voar no Brasil. Entre suas estrat\u00e9gias de atua\u00e7\u00e3o est\u00e3o planejar, implementar e apoiar a\u00e7\u00f5es e programas que promovam o crescimento da avia\u00e7\u00e3o civil de forma consistente e sustent\u00e1vel, tanto para o transporte de passageiros como para o de cargas. As empresas fundadoras representam 99% do mercado dom\u00e9stico, empregam 58 mil pessoas, disp\u00f5em de mais de 500 aeronaves e fazem cerca de 2.700 voos di\u00e1rios. A entidade tem ainda mais quatro associadas: Boeing, Bombardier, Latam Cargo e TAP.<\/em><\/div>\n","protected":false},"excerpt":{"rendered":"<p>\u201cO b\u00e1sico \u00e9 o novo m\u00e1ximo\u201d \u00e9 o lema da nova etapa da campanha da Associa\u00e7\u00e3o Brasileira das Empresas A\u00e9reas (Abear), que j\u00e1 est\u00e1 no ar. O material traz dicas para o passageiro montar uma bagagem de m\u00e3o de acordo com o novo padr\u00e3o das viagens de avi\u00e3o, que aumentou para dez quilos. As pe\u00e7as lembram que \u00e9 importante o [&hellip;]<\/p>\n","protected":false},"author":27,"featured_media":0,"comment_status":"open","ping_status":"closed","sticky":false,"template":"","format":"standard","meta":{"footnotes":""},"categories":[2719],"tags":[6316,715,4845,5375,4153,44,1118,1863,6318,376,371,5139,3,6317,2822],"class_list":["post-5303","post","type-post","status-publish","format-standard","hentry","category-servidor","tag-abear","tag-aviacao","tag-aviao","tag-bagagem","tag-basico","tag-dicas","tag-informacao","tag-mao","tag-montar","tag-mudancas","tag-padrao","tag-passageiros","tag-planejamento","tag-trunfos","tag-viagens"],"_links":{"self":[{"href":"https:\/\/blogs.correiobraziliense.com.br\/servidor\/wp-json\/wp\/v2\/posts\/5303","targetHints":{"allow":["GET"]}}],"collection":[{"href":"https:\/\/blogs.correiobraziliense.com.br\/servidor\/wp-json\/wp\/v2\/posts"}],"about":[{"href":"https:\/\/blogs.correiobraziliense.com.br\/servidor\/wp-json\/wp\/v2\/types\/post"}],"author":[{"embeddable":true,"href":"https:\/\/blogs.correiobraziliense.com.br\/servidor\/wp-json\/wp\/v2\/users\/27"}],"replies":[{"embeddable":true,"href":"https:\/\/blogs.correiobraziliense.com.br\/servidor\/wp-json\/wp\/v2\/comments?post=5303"}],"version-history":[{"count":1,"href":"https:\/\/blogs.correiobraziliense.com.br\/servidor\/wp-json\/wp\/v2\/posts\/5303\/revisions"}],"predecessor-version":[{"id":5304,"href":"https:\/\/blogs.correiobraziliense.com.br\/servidor\/wp-json\/wp\/v2\/posts\/5303\/revisions\/5304"}],"wp:attachment":[{"href":"https:\/\/blogs.correiobraziliense.com.br\/servidor\/wp-json\/wp\/v2\/media?parent=5303"}],"wp:term":[{"taxonomy":"category","embeddable":true,"href":"https:\/\/blogs.correiobraziliense.com.br\/servidor\/wp-json\/wp\/v2\/categories?post=5303"},{"taxonomy":"post_tag","embeddable":true,"href":"https:\/\/blogs.correiobraziliense.com.br\/servidor\/wp-json\/wp\/v2\/tags?post=5303"}],"curies":[{"name":"wp","href":"https:\/\/api.w.org\/{rel}","templated":true}]}}