{"id":5291,"date":"2017-06-02T14:24:33","date_gmt":"2017-06-02T17:24:33","guid":{"rendered":"https:\/\/blogs.correiobraziliense.com.br\/servidor\/?p=5291"},"modified":"2017-06-02T14:24:33","modified_gmt":"2017-06-02T17:24:33","slug":"atuacao-de-servicos-autonomos-de-saude-com-recursos-do-sus-sera-tema-de-audiencia-publica","status":"publish","type":"post","link":"https:\/\/blogs.correiobraziliense.com.br\/servidor\/atuacao-de-servicos-autonomos-de-saude-com-recursos-do-sus-sera-tema-de-audiencia-publica\/","title":{"rendered":"Atua\u00e7\u00e3o de servi\u00e7os aut\u00f4nomos de sa\u00fade com recursos do SUS ser\u00e1 tema de audi\u00eancia p\u00fablica"},"content":{"rendered":"<div><em>Evento ser\u00e1 aberto ao p\u00fablico. Interessados em se manifestar, j\u00e1 podem se inscrever pela internet<\/em><\/div>\n<p align=\"justify\">A Procuradoria da Rep\u00fablica no Distrito Federal (PR\/DF) e o Minist\u00e9rio P\u00fablico do Distrito Federal e Territ\u00f3rio (MPDFT) promovem, na pr\u00f3xima quinta-feira (8), audi\u00eancia p\u00fablica em Bras\u00edlia para discutir a atua\u00e7\u00e3o do chamado Servi\u00e7o Social Aut\u00f4nomo na presta\u00e7\u00e3o de atendimento de m\u00e9dico no Sistema \u00danico de Sa\u00fade (SUS). Trata-se de entidades de car\u00e1ter privado financiadas com recursos p\u00fablicos e que, por isso, oferecem atendimento a pacientes do SUS. Apenas em 2015, o Minist\u00e9rio da Sa\u00fade repassou R$ 890 milh\u00f5es ao setor. Conforme previsto em edital, publicado em maio, o evento ser\u00e1 realizado no audit\u00f3rio da PR\/DF, das 13h30 \u00e0s 18h30. Est\u00e3o \u00e0 frente da iniciativa, a procuradora da Rep\u00fablica Eliana Pires Rocha e a promotora de Justi\u00e7a Marisa Isa.<\/p>\n<p align=\"justify\">Como o objetivo do evento \u00e9 permitir que entidades da sociedade civil e institui\u00e7\u00f5es p\u00fablicas possam debater o modelo de atendimento, foram convidados representantes de \u00f3rg\u00e3os p\u00fablicos, entidades civis e associa\u00e7\u00f5es que representam usu\u00e1rios de servi\u00e7os p\u00fablicos de sa\u00fade. No encontro, caber\u00e1 \u00e0s autoridades explicar o que tem sido feito para se buscar o fortalecimento dos instrumentos de gest\u00e3o do SUS e o compartilhamento de servi\u00e7os, t\u00e9cnicos, conhecimento e pesquisa entre entidades benefici\u00e1rias de recursos p\u00fablicos, inclusive os recebidos por meio de contratos de gest\u00e3o.<\/p>\n<p align=\"justify\">Confirmaram presen\u00e7a na audi\u00eancia:<\/p>\n<p align=\"justify\">\u2022 Rede Sarah de Hospitais<\/p>\n<p align=\"justify\">\u00a0\u2022 Hospital Clementino Fraga Filho da Universidade Federal do Rio de Janeiro<\/p>\n<p align=\"justify\">\u00a0\u2022 Tribunal de Contas da Uni\u00e3o \u2013 Secex Sa\u00fade<\/p>\n<p align=\"justify\">\u00a0\u2022 Hospital de Apoio de Bras\u00edlia<\/p>\n<p align=\"justify\">\u00a0\u2022 Minist\u00e9rio da Sa\u00fade \u2013 Departamento de Regula\u00e7\u00e3o, avalia\u00e7\u00e3o e controle de sistemas<\/p>\n<p align=\"justify\">\u00a0\u2022 Conselho Nacional de Sa\u00fade<\/p>\n<p align=\"justify\">\u00a0\u2022 Tribunal de Contas da Uni\u00e3o \u2013 Controle externo das unidades nos estados<\/p>\n<p align=\"justify\">\u00a0\u2022 Instituto Alta Complexidade<\/p>\n<p align=\"justify\">\u00a0\u2022 Tribunal de Contas da Uni\u00e3o \u2013 Auditoria de Controle Externo<\/p>\n<p align=\"justify\">\u00a0\u2022 Hospital de Base do Distrito Federal<\/p>\n<p align=\"justify\">\u00a0\u2022 Minist\u00e9rio da Sa\u00fade \u2013 Secret\u00e1rio de Aten\u00e7\u00e3o \u00e0 Sa\u00fade<\/p>\n<p align=\"justify\">A audi\u00eancia \u00e9 aberta ao p\u00fablico em geral, que ocupar\u00e1 o audit\u00f3rio da PR\/DF cuja capacidade \u00e9 de 150 pessoas. Quem quiser usar a palavra na audi\u00eancia dever\u00e1 fazer inscri\u00e7\u00e3o pr\u00e9via pelo e-mail <a href=\"mailto:prdf-2ose@mpf.mp.br\" target=\"_blank\">prdf-2ose@mpf.mp.br<\/a> at\u00e9 o dia 7 de junho. Basta enviar o nome completo e informar se vir\u00e1 representando alguma entidade. Dependendo da quantidade de inscritos, poder\u00e1 ser estabelecido um limite de interven\u00e7\u00f5es ou reaberto o processo de inscri\u00e7\u00e3o.<\/p>\n<p align=\"justify\">Para dar dinamismo ao evento, foram definidas regras que intercalam a participa\u00e7\u00e3o do p\u00fablico com a exposi\u00e7\u00e3o a ser feita pelos especialistas convidados. No caso dos representantes de \u00f3rg\u00e3os p\u00fablicos, foram destinados dois blocos para a fala das autoridades. No primeiro bloco, falar\u00e3o seis. No segundo, ser\u00e3o cinco discursos. Cada convidado ter\u00e1 10 minutos para fazer a apresenta\u00e7\u00e3o. No momento destinado \u00e0 manifesta\u00e7\u00e3o da plateia, cada interven\u00e7\u00e3o dever\u00e1 durar no m\u00e1ximo tr\u00eas minutos. A \u00faltima etapa ser\u00e1 o fechamento do evento, com conclus\u00f5es e eventuais encaminhamentos.<\/p>\n<p>&nbsp;<\/p>\n","protected":false},"excerpt":{"rendered":"<p>Evento ser\u00e1 aberto ao p\u00fablico. Interessados em se manifestar, j\u00e1 podem se inscrever pela internet A Procuradoria da Rep\u00fablica no Distrito Federal (PR\/DF) e o Minist\u00e9rio P\u00fablico do Distrito Federal e Territ\u00f3rio (MPDFT) promovem, na pr\u00f3xima quinta-feira (8), audi\u00eancia p\u00fablica em Bras\u00edlia para discutir a atua\u00e7\u00e3o do chamado Servi\u00e7o Social Aut\u00f4nomo na presta\u00e7\u00e3o de atendimento de m\u00e9dico no Sistema \u00danico [&hellip;]<\/p>\n","protected":false},"author":27,"featured_media":0,"comment_status":"open","ping_status":"closed","sticky":false,"template":"","format":"standard","meta":{"footnotes":""},"categories":[2719],"tags":[551,192,6296,73,6297,2242,1720,5115,4682,147,316,616,1379,2000],"class_list":["post-5291","post","type-post","status-publish","format-standard","hentry","category-servidor","tag-atendimento","tag-audiencia","tag-autonomos","tag-entidades","tag-financiadas","tag-ministerio-da-saude","tag-mpdft","tag-prdf","tag-privadas","tag-publica","tag-recursos","tag-saude","tag-servicos","tag-sus"],"_links":{"self":[{"href":"https:\/\/blogs.correiobraziliense.com.br\/servidor\/wp-json\/wp\/v2\/posts\/5291","targetHints":{"allow":["GET"]}}],"collection":[{"href":"https:\/\/blogs.correiobraziliense.com.br\/servidor\/wp-json\/wp\/v2\/posts"}],"about":[{"href":"https:\/\/blogs.correiobraziliense.com.br\/servidor\/wp-json\/wp\/v2\/types\/post"}],"author":[{"embeddable":true,"href":"https:\/\/blogs.correiobraziliense.com.br\/servidor\/wp-json\/wp\/v2\/users\/27"}],"replies":[{"embeddable":true,"href":"https:\/\/blogs.correiobraziliense.com.br\/servidor\/wp-json\/wp\/v2\/comments?post=5291"}],"version-history":[{"count":1,"href":"https:\/\/blogs.correiobraziliense.com.br\/servidor\/wp-json\/wp\/v2\/posts\/5291\/revisions"}],"predecessor-version":[{"id":5292,"href":"https:\/\/blogs.correiobraziliense.com.br\/servidor\/wp-json\/wp\/v2\/posts\/5291\/revisions\/5292"}],"wp:attachment":[{"href":"https:\/\/blogs.correiobraziliense.com.br\/servidor\/wp-json\/wp\/v2\/media?parent=5291"}],"wp:term":[{"taxonomy":"category","embeddable":true,"href":"https:\/\/blogs.correiobraziliense.com.br\/servidor\/wp-json\/wp\/v2\/categories?post=5291"},{"taxonomy":"post_tag","embeddable":true,"href":"https:\/\/blogs.correiobraziliense.com.br\/servidor\/wp-json\/wp\/v2\/tags?post=5291"}],"curies":[{"name":"wp","href":"https:\/\/api.w.org\/{rel}","templated":true}]}}