{"id":5289,"date":"2017-06-02T11:49:29","date_gmt":"2017-06-02T14:49:29","guid":{"rendered":"https:\/\/blogs.correiobraziliense.com.br\/servidor\/?p=5289"},"modified":"2017-06-02T11:49:29","modified_gmt":"2017-06-02T14:49:29","slug":"governo-adia-pela-segunda-vez-pagamento-da-gdass-de-servidores-aposentados-do-inss","status":"publish","type":"post","link":"https:\/\/blogs.correiobraziliense.com.br\/servidor\/governo-adia-pela-segunda-vez-pagamento-da-gdass-de-servidores-aposentados-do-inss\/","title":{"rendered":"Governo adia pela segunda vez pagamento da GDASS de servidores aposentados do INSS"},"content":{"rendered":"<p><em>Estimativas da Anasps indicavam que o servidor ter\u00e1 perda de 60% de seus vencimentos, inclusive o abono, caso se aposentassem sem a incorpora\u00e7\u00e3o da GDASS<\/em><\/p>\n<p>Os 600 servidores do INSS estavam recebendo o abono de perman\u00eancia em servi\u00e7o, alguns h\u00e1 mais de 10 anos, aguardando a incorpora\u00e7\u00e3o da Gratifica\u00e7\u00e3o de Desempenho de Atividades do Seguro Social (GDASS), institu\u00edda pela Lei 13.343, de 2016, de 67% para os que se aposentassem em janeiro de 2017. Por\u00e9m, segundo den\u00fancias da Associa\u00e7\u00e3o Nacional dos Servidores da Previd\u00eancia e da Seguridade Social (Anasps), &#8220;tiveram uma surpresa desagrad\u00e1vel uma vez que, apesar de terem sido aposentados ainda n\u00e3o\u00a0 receberam a incorpora\u00e7\u00e3o, considerando que o Minist\u00e9rio do Planejamento n\u00e3o concluiu e n\u00e3o implantou o sistema de processamento que liberaria os pagamentos&#8221;.\u00a0 E ainda n\u00e3o h\u00e1 data para pagamento.<\/p>\n<p>\u201cA frustra\u00e7\u00e3o \u00e9 grande entre os servidores\u201d, disse o vice-presidente executivo da Anasps, Paulo C\u00e9sar Regis de Souza,&#8221; j\u00e1 que muitos se consideram enganados, o que levou outra leva de servidores, que tinham entrado com seus pedidos de aposentadoria, nas se\u00e7\u00f5es de Recursos Humanos nas ger\u00eancias executivas, corressem para sobrestar a publica\u00e7\u00e3o dos atos, at\u00e9 que seja aprovado e liberado o sistema. Est\u00e1 faltando respeito \u00e0 dignidade dos servidores&#8221;, afirmou.<\/p>\n<p>Pela Lei da GDASS, os servidores incorporariam 67% em janeiro de 2017, 82% em janeiro de\u00a0 2018 e 100% em janeiro de 2019.<\/p>\n<p>Informa\u00e7\u00f5es n\u00e3o oficiais, destacou a Anasps, assinalam que 13 mil servidores do INSS est\u00e3o recebendo abono de perman\u00eancia em servi\u00e7o, o que significa que completaram tempo para aposentadoria e que aguardavam a incorpora\u00e7\u00e3o da GDASS. Enquanto isso, calcula a entidade, o INSS tem necessidade urgente de 15 mil servidores para reposi\u00e7\u00e3o e manuten\u00e7\u00e3o de suas 1.600 unidades em todo o pa\u00eds, muitas delas est\u00e3o operando com remoto, isto \u00e9, servidores de ag\u00eancias pr\u00f3ximas se deslocam para atendimento.<\/p>\n<p>Estimativas da Anasps indicavam que o servidor ter\u00e1 perda de 60% de seus vencimentos, inclusive o abono, caso se aposentassem sem a incorpora\u00e7\u00e3o da GDASS.<\/p>\n<p>A incorpora\u00e7\u00e3o foi obtida atrav\u00e9s de muita mobiliza\u00e7\u00e3o da Anasps nas negocia\u00e7\u00f5es que se seguiram ao fim da greve de 78 dias de 2016, que paralisaram o INSS em todo pa\u00eds.<\/p>\n<p>Pelo acordo o primeiro pagamento dos 67% da GDASS ocorreria em janeiro de 2017. Com o an\u00fancio da nova reforma da Previd\u00eancia e considerando temor que os direitos adquiridos poderiam ser afetados e que novas mudan\u00e7as alterariam a aposentadoria, muitos servidores anteciparam sua sa\u00edda, mesmo sabendo da grande dificuldade enfrentada pelo INSS com a escassez de servidores com amplo conhecimento das rotinas da Casa.<\/p>\n<p>Os pedidos de concursos de novos servidores foram descartados. Um concurso para mil servidores foi feito h\u00e1 dois anos, mas apenas 400 foram convocados.<\/p>\n","protected":false},"excerpt":{"rendered":"<p>Estimativas da Anasps indicavam que o servidor ter\u00e1 perda de 60% de seus vencimentos, inclusive o abono, caso se aposentassem sem a incorpora\u00e7\u00e3o da GDASS Os 600 servidores do INSS estavam recebendo o abono de perman\u00eancia em servi\u00e7o, alguns h\u00e1 mais de 10 anos, aguardando a incorpora\u00e7\u00e3o da Gratifica\u00e7\u00e3o de Desempenho de Atividades do Seguro Social (GDASS), institu\u00edda pela Lei [&hellip;]<\/p>\n","protected":false},"author":27,"featured_media":0,"comment_status":"open","ping_status":"closed","sticky":false,"template":"","format":"standard","meta":{"footnotes":""},"categories":[2719],"tags":[389,4606,337,345,93,6295,98,332,11,151,1491,58,2926],"class_list":["post-5289","post","type-post","status-publish","format-standard","hentry","category-servidor","tag-abono","tag-adia","tag-anasps","tag-aposentados","tag-concurso","tag-gdass","tag-governo","tag-incorporacao","tag-inss","tag-pagamento","tag-perda","tag-servidores","tag-vencimentos"],"_links":{"self":[{"href":"https:\/\/blogs.correiobraziliense.com.br\/servidor\/wp-json\/wp\/v2\/posts\/5289","targetHints":{"allow":["GET"]}}],"collection":[{"href":"https:\/\/blogs.correiobraziliense.com.br\/servidor\/wp-json\/wp\/v2\/posts"}],"about":[{"href":"https:\/\/blogs.correiobraziliense.com.br\/servidor\/wp-json\/wp\/v2\/types\/post"}],"author":[{"embeddable":true,"href":"https:\/\/blogs.correiobraziliense.com.br\/servidor\/wp-json\/wp\/v2\/users\/27"}],"replies":[{"embeddable":true,"href":"https:\/\/blogs.correiobraziliense.com.br\/servidor\/wp-json\/wp\/v2\/comments?post=5289"}],"version-history":[{"count":1,"href":"https:\/\/blogs.correiobraziliense.com.br\/servidor\/wp-json\/wp\/v2\/posts\/5289\/revisions"}],"predecessor-version":[{"id":5290,"href":"https:\/\/blogs.correiobraziliense.com.br\/servidor\/wp-json\/wp\/v2\/posts\/5289\/revisions\/5290"}],"wp:attachment":[{"href":"https:\/\/blogs.correiobraziliense.com.br\/servidor\/wp-json\/wp\/v2\/media?parent=5289"}],"wp:term":[{"taxonomy":"category","embeddable":true,"href":"https:\/\/blogs.correiobraziliense.com.br\/servidor\/wp-json\/wp\/v2\/categories?post=5289"},{"taxonomy":"post_tag","embeddable":true,"href":"https:\/\/blogs.correiobraziliense.com.br\/servidor\/wp-json\/wp\/v2\/tags?post=5289"}],"curies":[{"name":"wp","href":"https:\/\/api.w.org\/{rel}","templated":true}]}}