{"id":5287,"date":"2017-06-01T20:14:48","date_gmt":"2017-06-01T23:14:48","guid":{"rendered":"https:\/\/blogs.correiobraziliense.com.br\/servidor\/?p=5287"},"modified":"2017-06-01T20:14:48","modified_gmt":"2017-06-01T23:14:48","slug":"novo-ministro-da-justica-promete-imparcialidade-e-isencao","status":"publish","type":"post","link":"https:\/\/blogs.correiobraziliense.com.br\/servidor\/novo-ministro-da-justica-promete-imparcialidade-e-isencao\/","title":{"rendered":"Novo ministro da Justi\u00e7a promete imparcialidade e isen\u00e7\u00e3o"},"content":{"rendered":"<p>Por meio de nota, a diretoria da Federa\u00e7\u00e3o Nacional dos Policiais Federais (Fenapef), por meio de seu presidente Luis Antonio Boudens, vice-presidente Fl\u00e1vio Werneck e diretor parlamentar Marcus Firme, compareceu na tarde desta quarta-feira \u00e0 solenidade de posse do novo ministro da Justi\u00e7a, Torquato Jardim, em Bras\u00edlia\/DF.<\/p>\n<p>Em seu breve discurso, Torquato reafirmou seu compromisso de cumprir a Constitui\u00e7\u00e3o Federal e garantiu que vai conhecer primeiro a estrutura e os problemas da Pol\u00edcia Federal, antes de tomar qualquer decis\u00e3o acerca de mudan\u00e7as.<\/p>\n<p>&#8220;O novo chefe da pasta agradeceu a presen\u00e7a dos representantes da Fenapef e disse, durante os cumprimentos, que ouvir\u00e1 a entidade nacional e as associa\u00e7\u00f5es e que manter\u00e1 o ritmo das opera\u00e7\u00f5es policiais, inclusive da Opera\u00e7\u00e3o Lava Jato, com total imparcialidade e isen\u00e7\u00e3o.\u00a0A Fenapef continuar\u00e1 atenta ao cen\u00e1rio pol\u00edtico nacional e vigilante a todo e qualquer acontecimento, em defesa do trabalho dos policiais federais&#8221;, destacou a nota.<\/p>\n<p>Apesar de ser mais uma mudan\u00e7a na titularidade da pasta ministerial (j\u00e1 foram seis ministros em seis anos!), e do momento pol\u00edtico de instabilidade, a diretoria da entidade tem a expectativa de que sejam constru\u00eddas propostas de moderniza\u00e7\u00e3o e aprimoramento do trabalho dos policiais federais junto ao novo Ministro.<\/p>\n<p>&#8220;Diante da possibilidade de substitui\u00e7\u00e3o do diretor geral da PF, o presidente Luis Ant\u00f4nio Boudens entende que, como Leandro Daiello ocupa o cargo h\u00e1 muitos anos, uma oxigena\u00e7\u00e3o seria, at\u00e9 de certa forma, natural, mas que essa substitui\u00e7\u00e3o teria que garantir com muita clareza que as opera\u00e7\u00f5es em andamento, como a Lava Jato, sejam mantidas em pleno funcionamento&#8221;, destacou a Federa\u00e7\u00e3o.<br \/>\nFonte: Ag\u00eancia Fenapef<\/p>\n","protected":false},"excerpt":{"rendered":"<p>Por meio de nota, a diretoria da Federa\u00e7\u00e3o Nacional dos Policiais Federais (Fenapef), por meio de seu presidente Luis Antonio Boudens, vice-presidente Fl\u00e1vio Werneck e diretor parlamentar Marcus Firme, compareceu na tarde desta quarta-feira \u00e0 solenidade de posse do novo ministro da Justi\u00e7a, Torquato Jardim, em Bras\u00edlia\/DF. Em seu breve discurso, Torquato reafirmou seu compromisso de cumprir a Constitui\u00e7\u00e3o Federal [&hellip;]<\/p>\n","protected":false},"author":27,"featured_media":0,"comment_status":"open","ping_status":"closed","sticky":false,"template":"","format":"standard","meta":{"footnotes":""},"categories":[2719],"tags":[5027,107,3694,6125,260,283,35,686,319,868,2023],"class_list":["post-5287","post","type-post","status-publish","format-standard","hentry","category-servidor","tag-dg","tag-fenapef","tag-imparcialidade","tag-isencao","tag-justica","tag-lava-jato","tag-ministro","tag-operacoes","tag-pf","tag-posse","tag-substituicao"],"_links":{"self":[{"href":"https:\/\/blogs.correiobraziliense.com.br\/servidor\/wp-json\/wp\/v2\/posts\/5287","targetHints":{"allow":["GET"]}}],"collection":[{"href":"https:\/\/blogs.correiobraziliense.com.br\/servidor\/wp-json\/wp\/v2\/posts"}],"about":[{"href":"https:\/\/blogs.correiobraziliense.com.br\/servidor\/wp-json\/wp\/v2\/types\/post"}],"author":[{"embeddable":true,"href":"https:\/\/blogs.correiobraziliense.com.br\/servidor\/wp-json\/wp\/v2\/users\/27"}],"replies":[{"embeddable":true,"href":"https:\/\/blogs.correiobraziliense.com.br\/servidor\/wp-json\/wp\/v2\/comments?post=5287"}],"version-history":[{"count":1,"href":"https:\/\/blogs.correiobraziliense.com.br\/servidor\/wp-json\/wp\/v2\/posts\/5287\/revisions"}],"predecessor-version":[{"id":5288,"href":"https:\/\/blogs.correiobraziliense.com.br\/servidor\/wp-json\/wp\/v2\/posts\/5287\/revisions\/5288"}],"wp:attachment":[{"href":"https:\/\/blogs.correiobraziliense.com.br\/servidor\/wp-json\/wp\/v2\/media?parent=5287"}],"wp:term":[{"taxonomy":"category","embeddable":true,"href":"https:\/\/blogs.correiobraziliense.com.br\/servidor\/wp-json\/wp\/v2\/categories?post=5287"},{"taxonomy":"post_tag","embeddable":true,"href":"https:\/\/blogs.correiobraziliense.com.br\/servidor\/wp-json\/wp\/v2\/tags?post=5287"}],"curies":[{"name":"wp","href":"https:\/\/api.w.org\/{rel}","templated":true}]}}