{"id":5274,"date":"2017-06-01T15:14:43","date_gmt":"2017-06-01T18:14:43","guid":{"rendered":"https:\/\/blogs.correiobraziliense.com.br\/servidor\/?p=5274"},"modified":"2017-06-01T15:14:43","modified_gmt":"2017-06-01T18:14:43","slug":"senado-aprova-mp-que-reajusta-salarios-e-institui-bonus-de-eficiencia","status":"publish","type":"post","link":"https:\/\/blogs.correiobraziliense.com.br\/servidor\/senado-aprova-mp-que-reajusta-salarios-e-institui-bonus-de-eficiencia\/","title":{"rendered":"Senado aprova MP que reajusta sal\u00e1rios e institui b\u00f4nus de efici\u00eancia"},"content":{"rendered":"<p>O plen\u00e1rio do Senado aprovou a pouco a Medida Provis\u00f3ria (MP 765\/16) que reajusta sal\u00e1rios de oito carreiras de servidores federais e cria cria o b\u00f4nus de efici\u00eancia para auditores fiscais e analistas tribut\u00e1rios da Receita Federal e tamb\u00e9m de auditores do Trabalho. O texto segue agora para san\u00e7\u00e3o presidencial.<\/p>\n<p>Ontem \u00e0 noite, a MP passou pela C\u00e2mara dos Deputados e caso n\u00e3o fosse apreciada hoje no Senado perderia a validade.A vota\u00e7\u00e3o no Senado s\u00f3 foi poss\u00edvel gra\u00e7as a um acordo entre os l\u00edderes partid\u00e1rios e o presidente do Senado, Eun\u00edcio Oliveira (PMDB-CE).<\/p>\n<p>Todo o processo de an\u00e1lise da MP foi feita \u00e0s pressas. Mas, apesar do desfecho aparentemente favor\u00e1vel ao funcionalismo, a vit\u00f3ria foi parcial, porque as fontes para o pagamento do benef\u00edcio (atualmente em R$ 3 mil mensais), que foram retiradas por meio de destaque ontem na C\u00e2mara, ainda n\u00e3o foram estabelecidas. E o governo, que vive momento pol\u00edtico complicado, n\u00e3o dever\u00e1 correr o risco gastar mais dinheiro com pagamento de pessoal.<\/p>\n<p><strong>Campanha salarial<\/strong><\/p>\n<p>A MP 765\/16 reajusta os ganhos mensais &#8211; at\u00e9 2019 &#8211; dos federais que ficaram de fora da negocia\u00e7\u00e3o salarial de 2016, quando o governo ofereceu aumento escalonado.<\/p>\n<p>Al\u00e9m de\u00a0 auditores da Receita e do Trabalho e dos analista tribut\u00e1rios, a MP inclui os peritos m\u00e9dicos previdenci\u00e1rios; supervisores m\u00e9dico-pericial; especialistas e analistas de infraestrutura; diplomatas; oficiais e assistentes de chancelaria; servidores do plano especial de cargos da Superintend\u00eancia da Zona Franca de Manaus (Suframa); do plano especial de cargos do Departamento Nacional de Infraestrutura de Transportes (Dnit); e policiais civis dos ex-territ\u00f3rios.<\/p>\n<p>&nbsp;<\/p>\n","protected":false},"excerpt":{"rendered":"<p>O plen\u00e1rio do Senado aprovou a pouco a Medida Provis\u00f3ria (MP 765\/16) que reajusta sal\u00e1rios de oito carreiras de servidores federais e cria cria o b\u00f4nus de efici\u00eancia para auditores fiscais e analistas tribut\u00e1rios da Receita Federal e tamb\u00e9m de auditores do Trabalho. O texto segue agora para san\u00e7\u00e3o presidencial. Ontem \u00e0 noite, a MP passou pela C\u00e2mara dos Deputados [&hellip;]<\/p>\n","protected":false},"author":27,"featured_media":0,"comment_status":"open","ping_status":"closed","sticky":false,"template":"","format":"standard","meta":{"footnotes":""},"categories":[2719],"tags":[381,1566,31,231,1033,2841,5322,42,6284,294,30,2430,696],"class_list":["post-5274","post","type-post","status-publish","format-standard","hentry","category-servidor","tag-analistas","tag-aprova","tag-auditores","tag-bonus","tag-eficiencia","tag-ministerio-do-trabalho","tag-mp-76516","tag-negociacao","tag-presidencial","tag-receita-federal","tag-salarios","tag-sancao","tag-senado"],"_links":{"self":[{"href":"https:\/\/blogs.correiobraziliense.com.br\/servidor\/wp-json\/wp\/v2\/posts\/5274","targetHints":{"allow":["GET"]}}],"collection":[{"href":"https:\/\/blogs.correiobraziliense.com.br\/servidor\/wp-json\/wp\/v2\/posts"}],"about":[{"href":"https:\/\/blogs.correiobraziliense.com.br\/servidor\/wp-json\/wp\/v2\/types\/post"}],"author":[{"embeddable":true,"href":"https:\/\/blogs.correiobraziliense.com.br\/servidor\/wp-json\/wp\/v2\/users\/27"}],"replies":[{"embeddable":true,"href":"https:\/\/blogs.correiobraziliense.com.br\/servidor\/wp-json\/wp\/v2\/comments?post=5274"}],"version-history":[{"count":1,"href":"https:\/\/blogs.correiobraziliense.com.br\/servidor\/wp-json\/wp\/v2\/posts\/5274\/revisions"}],"predecessor-version":[{"id":5275,"href":"https:\/\/blogs.correiobraziliense.com.br\/servidor\/wp-json\/wp\/v2\/posts\/5274\/revisions\/5275"}],"wp:attachment":[{"href":"https:\/\/blogs.correiobraziliense.com.br\/servidor\/wp-json\/wp\/v2\/media?parent=5274"}],"wp:term":[{"taxonomy":"category","embeddable":true,"href":"https:\/\/blogs.correiobraziliense.com.br\/servidor\/wp-json\/wp\/v2\/categories?post=5274"},{"taxonomy":"post_tag","embeddable":true,"href":"https:\/\/blogs.correiobraziliense.com.br\/servidor\/wp-json\/wp\/v2\/tags?post=5274"}],"curies":[{"name":"wp","href":"https:\/\/api.w.org\/{rel}","templated":true}]}}