{"id":5272,"date":"2017-06-01T14:04:03","date_gmt":"2017-06-01T17:04:03","guid":{"rendered":"https:\/\/blogs.correiobraziliense.com.br\/servidor\/?p=5272"},"modified":"2017-06-01T14:04:03","modified_gmt":"2017-06-01T17:04:03","slug":"ministro-do-planejamento-dyogo-oliveira-comenta-o-resultado-do-pib-do-1o-trimestre-2017","status":"publish","type":"post","link":"https:\/\/blogs.correiobraziliense.com.br\/servidor\/ministro-do-planejamento-dyogo-oliveira-comenta-o-resultado-do-pib-do-1o-trimestre-2017\/","title":{"rendered":"Ministro do Planejamento, Dyogo Oliveira, comenta o resultado do PIB do 1\u00ba trimestre 2017"},"content":{"rendered":"<p><strong>\u201cO PIB do primeiro trimestre apresentou crescimento de 1%, interrompendo a mais longa recess\u00e3o da hist\u00f3ria econ\u00f4mica recente do Pa\u00eds.<\/p>\n<p>\u00c9 importante ressaltar que este resultado reflete um conjunto de a\u00e7\u00f5es de pol\u00edtica econ\u00f4mica que tem sido implementado nos \u00faltimos doze meses e, em particular, o avan\u00e7o das reformas econ\u00f4micas no Congresso.<\/p>\n<p>A recupera\u00e7\u00e3o do PIB \u00e9 explicada pela expans\u00e3o, pelo lado da oferta, do setor agr\u00edcola (+13,4%) e, pelo lado da demanda, pelo setor exportador (+4,8%). Tamb\u00e9m \u00e9 importante destacar o crescimento da ind\u00fastria de 0,9% e a recupera\u00e7\u00e3o do setor de servi\u00e7os, que saiu de uma taxa negativa de 0,7% no trimestre anterior para uma taxa neutra. Ou seja, houve uma recupera\u00e7\u00e3o nos tr\u00eas setores agregados da economia.<\/p>\n<p>Esse PIB se soma a outros n\u00fameros positivos que demonstram que a recupera\u00e7\u00e3o econ\u00f4mica est\u00e1 em curso e que ter\u00e1 continuidade nos pr\u00f3ximos trimestres\u201d.<br \/>\n<\/strong><\/p>\n","protected":false},"excerpt":{"rendered":"<p>\u201cO PIB do primeiro trimestre apresentou crescimento de 1%, interrompendo a mais longa recess\u00e3o da hist\u00f3ria econ\u00f4mica recente do Pa\u00eds. \u00c9 importante ressaltar que este resultado reflete um conjunto de a\u00e7\u00f5es de pol\u00edtica econ\u00f4mica que tem sido implementado nos \u00faltimos doze meses e, em particular, o avan\u00e7o das reformas econ\u00f4micas no Congresso. A recupera\u00e7\u00e3o do PIB \u00e9 explicada pela expans\u00e3o, [&hellip;]<\/p>\n","protected":false},"author":27,"featured_media":0,"comment_status":"open","ping_status":"closed","sticky":false,"template":"","format":"standard","meta":{"footnotes":""},"categories":[2719],"tags":[6282,1804,3,6283],"class_list":["post-5272","post","type-post","status-publish","format-standard","hentry","category-servidor","tag-dyogo-oloiveira","tag-pib","tag-planejamento","tag-resutlado"],"_links":{"self":[{"href":"https:\/\/blogs.correiobraziliense.com.br\/servidor\/wp-json\/wp\/v2\/posts\/5272","targetHints":{"allow":["GET"]}}],"collection":[{"href":"https:\/\/blogs.correiobraziliense.com.br\/servidor\/wp-json\/wp\/v2\/posts"}],"about":[{"href":"https:\/\/blogs.correiobraziliense.com.br\/servidor\/wp-json\/wp\/v2\/types\/post"}],"author":[{"embeddable":true,"href":"https:\/\/blogs.correiobraziliense.com.br\/servidor\/wp-json\/wp\/v2\/users\/27"}],"replies":[{"embeddable":true,"href":"https:\/\/blogs.correiobraziliense.com.br\/servidor\/wp-json\/wp\/v2\/comments?post=5272"}],"version-history":[{"count":1,"href":"https:\/\/blogs.correiobraziliense.com.br\/servidor\/wp-json\/wp\/v2\/posts\/5272\/revisions"}],"predecessor-version":[{"id":5273,"href":"https:\/\/blogs.correiobraziliense.com.br\/servidor\/wp-json\/wp\/v2\/posts\/5272\/revisions\/5273"}],"wp:attachment":[{"href":"https:\/\/blogs.correiobraziliense.com.br\/servidor\/wp-json\/wp\/v2\/media?parent=5272"}],"wp:term":[{"taxonomy":"category","embeddable":true,"href":"https:\/\/blogs.correiobraziliense.com.br\/servidor\/wp-json\/wp\/v2\/categories?post=5272"},{"taxonomy":"post_tag","embeddable":true,"href":"https:\/\/blogs.correiobraziliense.com.br\/servidor\/wp-json\/wp\/v2\/tags?post=5272"}],"curies":[{"name":"wp","href":"https:\/\/api.w.org\/{rel}","templated":true}]}}