{"id":5266,"date":"2017-06-01T11:09:47","date_gmt":"2017-06-01T14:09:47","guid":{"rendered":"https:\/\/blogs.correiobraziliense.com.br\/servidor\/?p=5266"},"modified":"2017-06-01T11:09:47","modified_gmt":"2017-06-01T14:09:47","slug":"ministro-ronaldo-nogueira-instala-conselho-nacional-do-trabalho-nesta-quinta","status":"publish","type":"post","link":"https:\/\/blogs.correiobraziliense.com.br\/servidor\/ministro-ronaldo-nogueira-instala-conselho-nacional-do-trabalho-nesta-quinta\/","title":{"rendered":"Ministro Ronaldo Nogueira instala Conselho Nacional do Trabalho nesta quinta"},"content":{"rendered":"<p>O ministro do Trabalho, Ronaldo Nogueira, participa hoje da instala\u00e7\u00e3o do Conselho Nacional do trabalho (CNT), \u00e0s 11 horas, na sede do MTb. O CNT \u00e9 composto por 30 membros que representam diversos segmentos do Governo Federal e da sociedade civil. O CNT tem como objetivo fortalecer a democratiza\u00e7\u00e3o das rela\u00e7\u00f5es de trabalho e a propositura de diretrizes para pol\u00edticas p\u00fablicas de gera\u00e7\u00e3o de emprego.<\/p>\n<p><strong>Servi\u00e7o:<\/strong><br \/>\n<strong>Instala\u00e7\u00e3o do Conselho Nacional do Trabalho<\/strong><\/p>\n<p><strong>Data:<\/strong>\u00a01\u00ba de junho (quinta-feira)<br \/>\n<strong>Hor\u00e1rio:<\/strong>\u00a011h<br \/>\n<strong>Local:<\/strong>\u00a0Sede do Minist\u00e9rio do Trabalho (Bloco F, sala 902)<\/p>\n","protected":false},"excerpt":{"rendered":"<p>O ministro do Trabalho, Ronaldo Nogueira, participa hoje da instala\u00e7\u00e3o do Conselho Nacional do trabalho (CNT), \u00e0s 11 horas, na sede do MTb. O CNT \u00e9 composto por 30 membros que representam diversos segmentos do Governo Federal e da sociedade civil. O CNT tem como objetivo fortalecer a democratiza\u00e7\u00e3o das rela\u00e7\u00f5es de trabalho e a propositura de diretrizes para pol\u00edticas [&hellip;]<\/p>\n","protected":false},"author":27,"featured_media":0,"comment_status":"open","ping_status":"closed","sticky":false,"template":"","format":"standard","meta":{"footnotes":""},"categories":[2719],"tags":[6276,4896,197,631,2841,35,6275],"class_list":["post-5266","post","type-post","status-publish","format-standard","hentry","category-servidor","tag-cnt","tag-diretrizes","tag-emprego","tag-geracao","tag-ministerio-do-trabalho","tag-ministro","tag-roanldo-nogueira"],"_links":{"self":[{"href":"https:\/\/blogs.correiobraziliense.com.br\/servidor\/wp-json\/wp\/v2\/posts\/5266","targetHints":{"allow":["GET"]}}],"collection":[{"href":"https:\/\/blogs.correiobraziliense.com.br\/servidor\/wp-json\/wp\/v2\/posts"}],"about":[{"href":"https:\/\/blogs.correiobraziliense.com.br\/servidor\/wp-json\/wp\/v2\/types\/post"}],"author":[{"embeddable":true,"href":"https:\/\/blogs.correiobraziliense.com.br\/servidor\/wp-json\/wp\/v2\/users\/27"}],"replies":[{"embeddable":true,"href":"https:\/\/blogs.correiobraziliense.com.br\/servidor\/wp-json\/wp\/v2\/comments?post=5266"}],"version-history":[{"count":1,"href":"https:\/\/blogs.correiobraziliense.com.br\/servidor\/wp-json\/wp\/v2\/posts\/5266\/revisions"}],"predecessor-version":[{"id":5267,"href":"https:\/\/blogs.correiobraziliense.com.br\/servidor\/wp-json\/wp\/v2\/posts\/5266\/revisions\/5267"}],"wp:attachment":[{"href":"https:\/\/blogs.correiobraziliense.com.br\/servidor\/wp-json\/wp\/v2\/media?parent=5266"}],"wp:term":[{"taxonomy":"category","embeddable":true,"href":"https:\/\/blogs.correiobraziliense.com.br\/servidor\/wp-json\/wp\/v2\/categories?post=5266"},{"taxonomy":"post_tag","embeddable":true,"href":"https:\/\/blogs.correiobraziliense.com.br\/servidor\/wp-json\/wp\/v2\/tags?post=5266"}],"curies":[{"name":"wp","href":"https:\/\/api.w.org\/{rel}","templated":true}]}}