{"id":5237,"date":"2017-04-28T11:30:01","date_gmt":"2017-04-28T14:30:01","guid":{"rendered":"https:\/\/blogs.correiobraziliense.com.br\/servidor\/?p=5237"},"modified":"2017-04-28T11:30:01","modified_gmt":"2017-04-28T14:30:01","slug":"tv-do-servidor-transmite-ao-vivo-as-manifestacoes","status":"publish","type":"post","link":"https:\/\/blogs.correiobraziliense.com.br\/servidor\/tv-do-servidor-transmite-ao-vivo-as-manifestacoes\/","title":{"rendered":"TV do Servidor transmite ao vivo as manifesta\u00e7\u00f5es"},"content":{"rendered":"<p><em>Servidores federais fazem uma grande movimenta\u00e7\u00e3o tamb\u00e9m pelas redes sociais a favor da greve geral<\/em><\/p>\n<p>As transmiss\u00f5es est\u00e3o sendo feitas ao vivo pelo Facebook desde as 9h. Para acompanhar basta acessar https:\/\/www.facebook.com\/aprevidenciaenossa\/videos\/1882025228687437\/<\/p>\n<p>A abertura dos trabalho foi direto de Bras\u00edlia, com o rep\u00f3rter Apolos Neto, entrevistando o\u00a0 presidente da P\u00fablica &#8211; Central do Servidor, Nilton Paix\u00e3o, e o vice-presidente, Rudinei Marques. Veja: www.tvservidorpublico.org.br<\/p>\n","protected":false},"excerpt":{"rendered":"<p>Servidores federais fazem uma grande movimenta\u00e7\u00e3o tamb\u00e9m pelas redes sociais a favor da greve geral As transmiss\u00f5es est\u00e3o sendo feitas ao vivo pelo Facebook desde as 9h. Para acompanhar basta acessar https:\/\/www.facebook.com\/aprevidenciaenossa\/videos\/1882025228687437\/ A abertura dos trabalho foi direto de Bras\u00edlia, com o rep\u00f3rter Apolos Neto, entrevistando o\u00a0 presidente da P\u00fablica &#8211; Central do Servidor, Nilton Paix\u00e3o, e o vice-presidente, Rudinei [&hellip;]<\/p>\n","protected":false},"author":27,"featured_media":0,"comment_status":"open","ping_status":"closed","sticky":false,"template":"","format":"standard","meta":{"footnotes":""},"categories":[2719],"tags":[2888,2907,15,1734,3236,707,6253,6254],"class_list":["post-5237","post","type-post","status-publish","format-standard","hentry","category-servidor","tag-facebook","tag-geral","tag-greve","tag-manifestacoes","tag-redes","tag-sociais","tag-tv-do-servidor","tag-vivo"],"_links":{"self":[{"href":"https:\/\/blogs.correiobraziliense.com.br\/servidor\/wp-json\/wp\/v2\/posts\/5237","targetHints":{"allow":["GET"]}}],"collection":[{"href":"https:\/\/blogs.correiobraziliense.com.br\/servidor\/wp-json\/wp\/v2\/posts"}],"about":[{"href":"https:\/\/blogs.correiobraziliense.com.br\/servidor\/wp-json\/wp\/v2\/types\/post"}],"author":[{"embeddable":true,"href":"https:\/\/blogs.correiobraziliense.com.br\/servidor\/wp-json\/wp\/v2\/users\/27"}],"replies":[{"embeddable":true,"href":"https:\/\/blogs.correiobraziliense.com.br\/servidor\/wp-json\/wp\/v2\/comments?post=5237"}],"version-history":[{"count":1,"href":"https:\/\/blogs.correiobraziliense.com.br\/servidor\/wp-json\/wp\/v2\/posts\/5237\/revisions"}],"predecessor-version":[{"id":5238,"href":"https:\/\/blogs.correiobraziliense.com.br\/servidor\/wp-json\/wp\/v2\/posts\/5237\/revisions\/5238"}],"wp:attachment":[{"href":"https:\/\/blogs.correiobraziliense.com.br\/servidor\/wp-json\/wp\/v2\/media?parent=5237"}],"wp:term":[{"taxonomy":"category","embeddable":true,"href":"https:\/\/blogs.correiobraziliense.com.br\/servidor\/wp-json\/wp\/v2\/categories?post=5237"},{"taxonomy":"post_tag","embeddable":true,"href":"https:\/\/blogs.correiobraziliense.com.br\/servidor\/wp-json\/wp\/v2\/tags?post=5237"}],"curies":[{"name":"wp","href":"https:\/\/api.w.org\/{rel}","templated":true}]}}