{"id":5222,"date":"2017-04-27T14:49:19","date_gmt":"2017-04-27T17:49:19","guid":{"rendered":"https:\/\/blogs.correiobraziliense.com.br\/servidor\/?p=5222"},"modified":"2017-04-27T14:49:19","modified_gmt":"2017-04-27T17:49:19","slug":"greve-geral-agencias-reguladoras-do-pais-vao-parar-dia-28-de-abril","status":"publish","type":"post","link":"https:\/\/blogs.correiobraziliense.com.br\/servidor\/greve-geral-agencias-reguladoras-do-pais-vao-parar-dia-28-de-abril\/","title":{"rendered":"Greve Geral &#8211; Ag\u00eancias Reguladoras do pa\u00eds v\u00e3o parar dia 28 de abril"},"content":{"rendered":"<div><i><span style=\"font-size: large\">Reguladores que trabalham nos Portos Aeroportos e Fronteiras tamb\u00e9m ir\u00e3o parar por 24 horas e libera\u00e7\u00e3o de produtos fica suspensa durante este per\u00edodo. N<\/span>o Porto de Santos e no aeroporto Gale\u00e3o, no Rio<span id=\"OBJ_PREFIX_DWT1500_com_zimbra_date\" class=\"Object\"> de Janeiro<\/span>, servidores j\u00e1 est\u00e3o mobilizados<\/i><\/div>\n<div><\/div>\n<div>\n<div><span style=\"font-size: large\">Servidores p\u00fablicos das Ag\u00eancias Nacionais de Regula\u00e7\u00e3o do \u00a0pa\u00eds, reunidos \u00a0em Assembleia Geral, na manh\u00e3 de <span id=\"OBJ_PREFIX_DWT1501_com_zimbra_date\" class=\"Object\"><span id=\"OBJ_PREFIX_DWT1506_com_zimbra_date\" class=\"Object\">quarta<\/span><\/span>-feira (26), na sede da Ag\u00eancia Nacional de Vigil\u00e2ncia Sanit\u00e1ria (Anvisa), em Bras\u00edlia, aprovaram a paralisa\u00e7\u00e3o de um dia e ir\u00e3o abra\u00e7ar as mobiliza\u00e7\u00f5es que ocorrer\u00e3o na \u00a0Greve Geral \u00a0Nacional marcada para a pr\u00f3xima <span id=\"OBJ_PREFIX_DWT1502_com_zimbra_date\" class=\"Object\"><span id=\"OBJ_PREFIX_DWT1507_com_zimbra_date\" class=\"Object\">sexta<\/span><\/span> -feira (28), em todos os estados.<\/span><\/div>\n<div><span style=\"font-size: large\">\u00a0<\/span><\/div>\n<div><span style=\"font-size: large\">Por decis\u00e3o un\u00e2nime, centenas de servidores das dez ag\u00eancias presentes, do DNPM, e das Associa\u00e7\u00f5es que tamb\u00e9m participaram da Assembleia, independentes de filia\u00e7\u00e3o a entidade, se colocaram a favor da convocat\u00f3ria do Sinag\u00eancias e ir\u00e3o parar.\u00a0<\/span><\/div>\n<div><span style=\"font-size: large\">\u00a0<\/span><\/div>\n<div><span style=\"font-size: large\">&#8220;A entidade sente-se \u00a0honrada com o entendimento coletivo dos servidores em se unirem na luta contra o que ela define na verdade de Contrarreforma.\u00a0 O Sinag\u00eancias esclarece que tentou o di\u00e1logo e formas de negocia\u00e7\u00e3o \u00a0com o Governo e em face da intransig\u00eancia como est\u00e1 posta a Reforma da Previd\u00eancia,o sindicato entende que n\u00e3o restou alternativa a n\u00e3o ser decretar greve. Independente de filia\u00e7\u00e3o \u00e9 urgente que todos n\u00f3s estejamos unidos e presentes nas manifesta\u00e7\u00f5es gerais pelo pa\u00eds\u201d, declarou no ato, o secret\u00e1rio-geral, Alexnaldo Queiroz.\u00a0<\/span><\/div>\n<div><span style=\"font-size: large\">\u00a0<\/span><\/div>\n<div><span style=\"font-size: large\">Ap\u00f3s a decis\u00e3o, o Sinag\u00eancias j\u00e1 est\u00e1 articulando as atividades a serem realizadas e o suporte para as associa\u00e7\u00f5es e os servidores que estar\u00e3o nas paralisa\u00e7\u00f5es e encaminhando ainda <span id=\"OBJ_PREFIX_DWT1503_com_zimbra_date\" class=\"Object\"><span id=\"OBJ_PREFIX_DWT1508_com_zimbra_date\" class=\"Object\">hoje<\/span><\/span> of\u00edcios sobre a posi\u00e7\u00e3o favor\u00e1vel a Greve Geral aos presidentes de todas as Ag\u00eancias, \u00e0 Comiss\u00e3o Especial da Reforma da Previd\u00eancia no Congresso Nacional, bem como aos deputados e senadores, marcando o posicionamento da categoria reguladora.<\/span><\/div>\n<div><span style=\"font-size: large\">\u00a0<\/span><\/div>\n<div><span style=\"font-size: large\">A Diretoria Executiva Nacional (DEN) esclarece tamb\u00e9m, \u00a0que o Sinag\u00eancias ir\u00e1 negociar com os diretores das ag\u00eancias, o abono ou compensa\u00e7\u00e3o do dia parado, para n\u00e3o haver desconto na folha de pagamento do servidor.<\/span><\/div>\n<div><span style=\"font-size: large\">\u00a0<\/span><\/div>\n<div><span style=\"font-size: large\"><b>Portos aeroportos e fronteiras <\/b><\/span><\/div>\n<div><span style=\"font-size: large\">Uma \u00e1rea estrat\u00e9gica para o \u00a0produto interno Bruto do Pa\u00eds (PIB) a de Portos, Aeroportos e Fronteiras (PAF) de gest\u00e3o da Anvisa onde reguladores trabalham em setores importantes, tamb\u00e9m vai parar por 24 horas. Durante o per\u00edodo, servi\u00e7os que s\u00e3o realizados diariamente como \u00a0libera\u00e7\u00e3o de produtos e \u00a0cargas nos portos e terminais dos aeroportos \u00a0do pa\u00eds ficar\u00e3o suspensas, nos portos de Santos e no aeroporto Gale\u00e3o, no Rio<span id=\"OBJ_PREFIX_DWT1504_com_zimbra_date\" class=\"Object\"> de Janeiro<\/span>, servidores j\u00e1 est\u00e3o mobilizados. Nas fronteiras, os servi\u00e7os tamb\u00e9m ir\u00e3o parar. Durante este per\u00edodo o governo deixa de recolher e os preju\u00edzos financeiros s\u00e3o incalcul\u00e1veis.<\/span><\/div>\n<div><span style=\"font-size: large\">\u00a0<\/span><\/div>\n<\/div>\n","protected":false},"excerpt":{"rendered":"<p>Reguladores que trabalham nos Portos Aeroportos e Fronteiras tamb\u00e9m ir\u00e3o parar por 24 horas e libera\u00e7\u00e3o de produtos fica suspensa durante este per\u00edodo. No Porto de Santos e no aeroporto Gale\u00e3o, no Rio de Janeiro, servidores j\u00e1 est\u00e3o mobilizados Servidores p\u00fablicos das Ag\u00eancias Nacionais de Regula\u00e7\u00e3o do \u00a0pa\u00eds, reunidos \u00a0em Assembleia Geral, na manh\u00e3 de quarta-feira (26), na sede da [&hellip;]<\/p>\n","protected":false},"author":27,"featured_media":0,"comment_status":"open","ping_status":"closed","sticky":false,"template":"","format":"standard","meta":{"footnotes":""},"categories":[2719],"tags":[5651,603,879,1850,6230,6229,2767,1801,5364,198,1804,2766,221,24,3239,58,4560,43],"class_list":["post-5222","post","type-post","status-publish","format-standard","hentry","category-servidor","tag-28-de-abril","tag-aeroportos","tag-agencias","tag-anvisa","tag-den","tag-dnpm","tag-fronteiras","tag-greve-geral","tag-liberacao","tag-pais","tag-pib","tag-portos","tag-produtos","tag-publicos","tag-reguladoras","tag-servidores","tag-sinagencias","tag-suspensa"],"_links":{"self":[{"href":"https:\/\/blogs.correiobraziliense.com.br\/servidor\/wp-json\/wp\/v2\/posts\/5222","targetHints":{"allow":["GET"]}}],"collection":[{"href":"https:\/\/blogs.correiobraziliense.com.br\/servidor\/wp-json\/wp\/v2\/posts"}],"about":[{"href":"https:\/\/blogs.correiobraziliense.com.br\/servidor\/wp-json\/wp\/v2\/types\/post"}],"author":[{"embeddable":true,"href":"https:\/\/blogs.correiobraziliense.com.br\/servidor\/wp-json\/wp\/v2\/users\/27"}],"replies":[{"embeddable":true,"href":"https:\/\/blogs.correiobraziliense.com.br\/servidor\/wp-json\/wp\/v2\/comments?post=5222"}],"version-history":[{"count":1,"href":"https:\/\/blogs.correiobraziliense.com.br\/servidor\/wp-json\/wp\/v2\/posts\/5222\/revisions"}],"predecessor-version":[{"id":5223,"href":"https:\/\/blogs.correiobraziliense.com.br\/servidor\/wp-json\/wp\/v2\/posts\/5222\/revisions\/5223"}],"wp:attachment":[{"href":"https:\/\/blogs.correiobraziliense.com.br\/servidor\/wp-json\/wp\/v2\/media?parent=5222"}],"wp:term":[{"taxonomy":"category","embeddable":true,"href":"https:\/\/blogs.correiobraziliense.com.br\/servidor\/wp-json\/wp\/v2\/categories?post=5222"},{"taxonomy":"post_tag","embeddable":true,"href":"https:\/\/blogs.correiobraziliense.com.br\/servidor\/wp-json\/wp\/v2\/tags?post=5222"}],"curies":[{"name":"wp","href":"https:\/\/api.w.org\/{rel}","templated":true}]}}