{"id":5202,"date":"2017-04-26T17:21:48","date_gmt":"2017-04-26T20:21:48","guid":{"rendered":"https:\/\/blogs.correiobraziliense.com.br\/servidor\/?p=5202"},"modified":"2017-04-26T17:21:48","modified_gmt":"2017-04-26T20:21:48","slug":"stf-libera-cobranca-de-mensalidade-em-curso-de-pos-graduacao-latu-sensu-de-universidade-publica","status":"publish","type":"post","link":"https:\/\/blogs.correiobraziliense.com.br\/servidor\/stf-libera-cobranca-de-mensalidade-em-curso-de-pos-graduacao-latu-sensu-de-universidade-publica\/","title":{"rendered":"STF libera cobran\u00e7a de mensalidade em curso de p\u00f3s-gradua\u00e7\u00e3o \u201clatu sensu\u201d de universidade p\u00fablica"},"content":{"rendered":"<p><em>\u00a0Decis\u00e3o afronta constitui\u00e7\u00e3o e compromete futuro do ensino p\u00fablico no pa\u00eds, avalia especialista<\/em><\/p>\n<p>O Plen\u00e1rio do Supremo Tribunal Federal (STF) decidiu nesta quarta-feira (26) que as universidades p\u00fablicas poder\u00e3o cobrar mensalidades em curso de p\u00f3s-gradua\u00e7\u00e3o\u00a0<em>latu sensu<\/em>. A nova determina\u00e7\u00e3o foi votada nesta manh\u00e3 e o placar foi de 9 a 1. Apenas o ministro Marco Aur\u00e9lio foi contra a possibilidade da cobran\u00e7a.\u00a0O relator do recurso foi o ministro Edson Fachin.<\/p>\n<p>A\u00a0advogada Monya Ribeiro Tavares, do escrit\u00f3rio Roberto Caldas, Mauro Menezes &amp; Advogados, que atuou como\u00a0<em>amicus curiae,<\/em>\u00a0em nome do Sindicato Nacional dos Docentes das Institui\u00e7\u00f5es de Ensino Superior (Andes), avaliou que se trata de uma decis\u00e3o preocupante para o futuro do ensino p\u00fablico no pa\u00eds. \u201c\u00c9 a porta de entrada para a privatiza\u00e7\u00e3o do ensino p\u00fablico no Brasil \u201d, disse. E tamb\u00e9m que a medida afronta \u00e0 Constitui\u00e7\u00e3o Federal. \u201cO comando constitucional expresso no inciso IV, do artigo 206, \u00e9 claro no sentido da gratuidade do ensino. A Constitui\u00e7\u00e3o n\u00e3o faz nenhuma distin\u00e7\u00e3o em rela\u00e7\u00e3o aos n\u00edveis da educa\u00e7\u00e3o, se fundamental, m\u00e9dio ou superior e entre as diversas modalidades de curso: ensino, pesquisa ou extens\u00e3o\u201d.<\/p>\n<p>A advogada defende que a cobran\u00e7a s\u00f3 seria permitida \u201cse houvesse uma reforma da Constitui\u00e7\u00e3o Federal que revertesse o comando hoje expresso\u201d.<\/p>\n<p><strong>Caso<\/strong><\/p>\n<p>O caso em julgamento era do Recurso Extraordin\u00e1rio (RE) 597854, com repercuss\u00e3o geral reconhecida, interposto pela Universidade Federal de Goi\u00e1s (UFG). A universidade questionava ac\u00f3rd\u00e3o do Tribunal Regional Federal da 1\u00aa Regi\u00e3o (TRF-1) que considerou inconstitucional a cobran\u00e7a de mensalidade pela frequ\u00eancia de um curso de p\u00f3s-gradua\u00e7\u00e3o\u00a0<em>latu sensu\u00a0<\/em>em Direito Constitucional, oferecido pela institui\u00e7\u00e3o, tendo em vista a garantia constitucional de gratuidade de ensino p\u00fablico (artigo 206, inciso IV, da Constitui\u00e7\u00e3o Federal).<\/p>\n","protected":false},"excerpt":{"rendered":"<p>\u00a0Decis\u00e3o afronta constitui\u00e7\u00e3o e compromete futuro do ensino p\u00fablico no pa\u00eds, avalia especialista O Plen\u00e1rio do Supremo Tribunal Federal (STF) decidiu nesta quarta-feira (26) que as universidades p\u00fablicas poder\u00e3o cobrar mensalidades em curso de p\u00f3s-gradua\u00e7\u00e3o\u00a0latu sensu. A nova determina\u00e7\u00e3o foi votada nesta manh\u00e3 e o placar foi de 9 a 1. Apenas o ministro Marco Aur\u00e9lio foi contra a possibilidade [&hellip;]<\/p>\n","protected":false},"author":27,"featured_media":0,"comment_status":"open","ping_status":"closed","sticky":false,"template":"","format":"standard","meta":{"footnotes":""},"categories":[2719],"tags":[6208,956,2584,1076,269,2544,4340,147,34,5195],"class_list":["post-5202","post","type-post","status-publish","format-standard","hentry","category-servidor","tag-andes","tag-cobranca","tag-constituicao","tag-curso","tag-libera","tag-mensalidade","tag-pos-graduacao","tag-publica","tag-stf","tag-universidade"],"_links":{"self":[{"href":"https:\/\/blogs.correiobraziliense.com.br\/servidor\/wp-json\/wp\/v2\/posts\/5202","targetHints":{"allow":["GET"]}}],"collection":[{"href":"https:\/\/blogs.correiobraziliense.com.br\/servidor\/wp-json\/wp\/v2\/posts"}],"about":[{"href":"https:\/\/blogs.correiobraziliense.com.br\/servidor\/wp-json\/wp\/v2\/types\/post"}],"author":[{"embeddable":true,"href":"https:\/\/blogs.correiobraziliense.com.br\/servidor\/wp-json\/wp\/v2\/users\/27"}],"replies":[{"embeddable":true,"href":"https:\/\/blogs.correiobraziliense.com.br\/servidor\/wp-json\/wp\/v2\/comments?post=5202"}],"version-history":[{"count":1,"href":"https:\/\/blogs.correiobraziliense.com.br\/servidor\/wp-json\/wp\/v2\/posts\/5202\/revisions"}],"predecessor-version":[{"id":5203,"href":"https:\/\/blogs.correiobraziliense.com.br\/servidor\/wp-json\/wp\/v2\/posts\/5202\/revisions\/5203"}],"wp:attachment":[{"href":"https:\/\/blogs.correiobraziliense.com.br\/servidor\/wp-json\/wp\/v2\/media?parent=5202"}],"wp:term":[{"taxonomy":"category","embeddable":true,"href":"https:\/\/blogs.correiobraziliense.com.br\/servidor\/wp-json\/wp\/v2\/categories?post=5202"},{"taxonomy":"post_tag","embeddable":true,"href":"https:\/\/blogs.correiobraziliense.com.br\/servidor\/wp-json\/wp\/v2\/tags?post=5202"}],"curies":[{"name":"wp","href":"https:\/\/api.w.org\/{rel}","templated":true}]}}