{"id":520,"date":"2015-11-05T20:29:12","date_gmt":"2015-11-05T22:29:12","guid":{"rendered":"https:\/\/blogs.correiobraziliense.com.br\/servidor\/?p=520"},"modified":"2015-11-05T20:29:39","modified_gmt":"2015-11-05T22:29:39","slug":"comeca-a-valer-adesao-automatica-ao-funpresp-exe","status":"publish","type":"post","link":"https:\/\/blogs.correiobraziliense.com.br\/servidor\/comeca-a-valer-adesao-automatica-ao-funpresp-exe\/","title":{"rendered":"COME\u00c7A A VALER ADES\u00c3O AUTOM\u00c1TICA AO FUNPRESP-EXE"},"content":{"rendered":"<div>A ades\u00e3o autom\u00e1tica aos planos de previd\u00eancia complementar para o servidor p\u00fablico federal come\u00e7a a partir de hoje (5). A presidente Dilma Roussef sancionou a lei n\u00ba 13.183, baseada na Medida Provis\u00f3ria n\u00ba 676\/2015, que disp\u00f5e sobre os benef\u00edcios do regime geral de previd\u00eancia social e torna autom\u00e1tica a inscri\u00e7\u00e3o aos planos da Funda\u00e7\u00e3o de Previd\u00eancia Complementar do Servidor P\u00fablico Federal (Funpresp-Exe) para os servidores que entrarem para os Poderes Executivo e Legislativo Federal a partir desta data.<\/div>\n<div><\/div>\n<div>Para o diretor presidente da Funpresp-Exe, Ricardo Pena, a san\u00e7\u00e3o representa um novo paradigma na prote\u00e7\u00e3o do servidor p\u00fablico para o futuro. \u201cA ades\u00e3o autom\u00e1tica \u00e9 importante porque a previd\u00eancia complementar \u00e9 essencial para a manuten\u00e7\u00e3o da qualidade e do padr\u00e3o de vida do servidor na aposentadoria\u201d, destaca.<\/div>\n<div><\/div>\n<div>Os servidores federais que ingressaram a partir de 04\/02\/2013 est\u00e3o enquadrados nas novas regras do regime de previd\u00eancia, que limita a aposentadoria ao teto do INSS (R$ 4.663,75, em 2015). Para assegurar uma aposentadoria compat\u00edvel com os rendimentos do servidor, o Poder Executivo Federal criou o plano de previd\u00eancia complementar administrado pela Funpresp-Exe. A Funda\u00e7\u00e3o tamb\u00e9m administra o plano LegisPrev, para os servidores do Legislativo Federal.<\/div>\n<div><\/div>\n<div>Al\u00e9m de complementar a aposentadoria, o participante ainda ter\u00e1 a contribui\u00e7\u00e3o do patrocinador (\u00f3rg\u00e3o) que contribui com o mesmo valor que ele.\u00a0 Por exemplo: caso a contribui\u00e7\u00e3o seja de R$ 500 ser\u00e3o repassados mais R$ 500 para o plano de benef\u00edcios, totalizando a arrecada\u00e7\u00e3o em R$ 1.000 no m\u00eas.<\/div>\n<div><\/div>\n<div>Os planos de benef\u00edcios administrados pela Funda\u00e7\u00e3o t\u00eam dedu\u00e7\u00e3o fiscal de at\u00e9 20,5% do Imposto de Renda, al\u00e9m da prote\u00e7\u00e3o em caso de invalidez ou morte.<\/div>\n<div><\/div>\n<div><strong>Funpresp-Exe<\/strong>\u00a0&#8211; A Funda\u00e7\u00e3o n\u00e3o tem fins lucrativos. Por isso destina toda a rentabilidade aos participantes. Outro diferencial \u00e9 que na entidade os participantes podem fazer parte da gest\u00e3o, por meio de representantes nos Conselhos Deliberativo e Fiscal, al\u00e9m do Comit\u00ea de Assessoramento T\u00e9cnico do Plano.<\/div>\n<div><\/div>\n<div><strong>Facultativa<\/strong>\u00a0&#8211; Mesmo autom\u00e1tica, a ades\u00e3o continuar\u00e1 a ser volunt\u00e1ria. Desta forma, o servidor ter\u00e1 um prazo de 90 dias para desistir da participa\u00e7\u00e3o e receber as contribui\u00e7\u00f5es de volta, com corre\u00e7\u00e3o monet\u00e1ria. Para mais informa\u00e7\u00f5es sobre o Plano de Benef\u00edcios, a Funda\u00e7\u00e3o tem o servi\u00e7o \u201cFunpresp vai at\u00e9 voc\u00ea\u201d. Os interessados podem agendar visita no \u00f3rg\u00e3o em que trabalham. O servi\u00e7o pode ser solicitado pelo e-mail\u00a0<a href=\"mailto:faleconosco@funpresp.com.br\" target=\"_blank\">faleconosco@funpresp.com.br<\/a>\u00a0ou pela Central de Atendimento 0800 282 6794. O atendimento ocorre em hor\u00e1rio comercial.<\/div>\n<div><\/div>\n<div>Bras\u00edlia, 20h29min<\/div>\n","protected":false},"excerpt":{"rendered":"<p>A ades\u00e3o autom\u00e1tica aos planos de previd\u00eancia complementar para o servidor p\u00fablico federal come\u00e7a a partir de hoje (5). A presidente Dilma Roussef sancionou a lei n\u00ba 13.183, baseada na Medida Provis\u00f3ria n\u00ba 676\/2015, que disp\u00f5e sobre os benef\u00edcios do regime geral de previd\u00eancia social e torna autom\u00e1tica a inscri\u00e7\u00e3o aos planos da Funda\u00e7\u00e3o de Previd\u00eancia Complementar do Servidor P\u00fablico [&hellip;]<\/p>\n","protected":false},"author":27,"featured_media":0,"comment_status":"open","ping_status":"closed","sticky":false,"template":"","format":"standard","meta":{"footnotes":""},"categories":[1],"tags":[6,7,9,5,11,10,8],"class_list":["post-520","post","type-post","status-publish","format-standard","hentry","category-sem-categoria","tag-aposentadoria","tag-complementar","tag-executivo","tag-funpesp","tag-inss","tag-legislativo","tag-servidor"],"_links":{"self":[{"href":"https:\/\/blogs.correiobraziliense.com.br\/servidor\/wp-json\/wp\/v2\/posts\/520","targetHints":{"allow":["GET"]}}],"collection":[{"href":"https:\/\/blogs.correiobraziliense.com.br\/servidor\/wp-json\/wp\/v2\/posts"}],"about":[{"href":"https:\/\/blogs.correiobraziliense.com.br\/servidor\/wp-json\/wp\/v2\/types\/post"}],"author":[{"embeddable":true,"href":"https:\/\/blogs.correiobraziliense.com.br\/servidor\/wp-json\/wp\/v2\/users\/27"}],"replies":[{"embeddable":true,"href":"https:\/\/blogs.correiobraziliense.com.br\/servidor\/wp-json\/wp\/v2\/comments?post=520"}],"version-history":[{"count":1,"href":"https:\/\/blogs.correiobraziliense.com.br\/servidor\/wp-json\/wp\/v2\/posts\/520\/revisions"}],"predecessor-version":[{"id":521,"href":"https:\/\/blogs.correiobraziliense.com.br\/servidor\/wp-json\/wp\/v2\/posts\/520\/revisions\/521"}],"wp:attachment":[{"href":"https:\/\/blogs.correiobraziliense.com.br\/servidor\/wp-json\/wp\/v2\/media?parent=520"}],"wp:term":[{"taxonomy":"category","embeddable":true,"href":"https:\/\/blogs.correiobraziliense.com.br\/servidor\/wp-json\/wp\/v2\/categories?post=520"},{"taxonomy":"post_tag","embeddable":true,"href":"https:\/\/blogs.correiobraziliense.com.br\/servidor\/wp-json\/wp\/v2\/tags?post=520"}],"curies":[{"name":"wp","href":"https:\/\/api.w.org\/{rel}","templated":true}]}}