{"id":5198,"date":"2017-04-26T17:09:15","date_gmt":"2017-04-26T20:09:15","guid":{"rendered":"https:\/\/blogs.correiobraziliense.com.br\/servidor\/?p=5198"},"modified":"2017-04-26T17:09:15","modified_gmt":"2017-04-26T20:09:15","slug":"funcionaria-dos-correios-recebe-indenizacao-apos-assalto-dentro-de-agencia","status":"publish","type":"post","link":"https:\/\/blogs.correiobraziliense.com.br\/servidor\/funcionaria-dos-correios-recebe-indenizacao-apos-assalto-dentro-de-agencia\/","title":{"rendered":"Funcion\u00e1ria dos Correios recebe indeniza\u00e7\u00e3o  ap\u00f3s assalto dentro de ag\u00eancia"},"content":{"rendered":"<p><em>O Tribunal Superior do Trabalho (TST) condenou a Empresa Brasileira de Correios e Tel\u00e9grafos (ECT) a indenizar em R$ 60 mil, por danos morais, uma funcion\u00e1ria que sofreu assalto dentro da ag\u00eancia em que trabalhava, na Asa Sul, em Bras\u00edlia.\u00a0\u00a0<\/em><\/p>\n<p>Para a advogada Luciana Martins,\u00a0s\u00f3cia do escrit\u00f3rio Roberto Caldas, Mauro Menezes &amp; Advogados,\u00a0quando as ag\u00eancias passaram a oferecer servi\u00e7os banc\u00e1rios, em 2001, por meio de conv\u00eanio com o Banco Bradesco, os Correios n\u00e3o implantaram os mecanismos de seguran\u00e7a necess\u00e1rios para garantir a seguran\u00e7a dos funcion\u00e1rios, que se tornaram alvos de criminosos. \u201cOs Correios foram omissos \u00e0 necessidade de medidas de seguran\u00e7a, como a implanta\u00e7\u00e3o de um circuito interno de TV, permitindo que seus empregados e clientes fossem v\u00edtimas de assaltos por diversas vezes\u201d, afirma.<\/p>\n<p>Segundo a advogada, a funcion\u00e1ria sofreu danos f\u00edsicos e psicol\u00f3gicos, tendo inclusive sido afastada do trabalho em raz\u00e3o dos transtornos psico-emocionais decorrentes do trauma. A 6\u00aa turma do TST decidiu por reverter as decis\u00f5es das inst\u00e2ncias anteriores, contr\u00e1rias \u00e0 indeniza\u00e7\u00e3o. No entendimento da Corte, ao atuar como banco postal, exigia-se dos Correios a utiliza\u00e7\u00e3o de sistemas de seguran\u00e7a adequados. \u201cAssim, fica configurada a conduta culposa da agravante, n\u00e3o havendo como se afastar a condena\u00e7\u00e3o por danos morais decorrentes do assalto sofrido pelo empregado\u2019, decidiu o Tribunal.<\/p>\n","protected":false},"excerpt":{"rendered":"<p>O Tribunal Superior do Trabalho (TST) condenou a Empresa Brasileira de Correios e Tel\u00e9grafos (ECT) a indenizar em R$ 60 mil, por danos morais, uma funcion\u00e1ria que sofreu assalto dentro da ag\u00eancia em que trabalhava, na Asa Sul, em Bras\u00edlia.\u00a0\u00a0 Para a advogada Luciana Martins,\u00a0s\u00f3cia do escrit\u00f3rio Roberto Caldas, Mauro Menezes &amp; Advogados,\u00a0quando as ag\u00eancias passaram a oferecer servi\u00e7os banc\u00e1rios, [&hellip;]<\/p>\n","protected":false},"author":27,"featured_media":0,"comment_status":"open","ping_status":"closed","sticky":false,"template":"","format":"standard","meta":{"footnotes":""},"categories":[2719],"tags":[3745,3456,20,2089,414,6202,1037,503],"class_list":["post-5198","post","type-post","status-publish","format-standard","hentry","category-servidor","tag-agencia","tag-assalto","tag-correios","tag-danos","tag-ect","tag-funcionaria","tag-indenizacao","tag-tst"],"_links":{"self":[{"href":"https:\/\/blogs.correiobraziliense.com.br\/servidor\/wp-json\/wp\/v2\/posts\/5198","targetHints":{"allow":["GET"]}}],"collection":[{"href":"https:\/\/blogs.correiobraziliense.com.br\/servidor\/wp-json\/wp\/v2\/posts"}],"about":[{"href":"https:\/\/blogs.correiobraziliense.com.br\/servidor\/wp-json\/wp\/v2\/types\/post"}],"author":[{"embeddable":true,"href":"https:\/\/blogs.correiobraziliense.com.br\/servidor\/wp-json\/wp\/v2\/users\/27"}],"replies":[{"embeddable":true,"href":"https:\/\/blogs.correiobraziliense.com.br\/servidor\/wp-json\/wp\/v2\/comments?post=5198"}],"version-history":[{"count":1,"href":"https:\/\/blogs.correiobraziliense.com.br\/servidor\/wp-json\/wp\/v2\/posts\/5198\/revisions"}],"predecessor-version":[{"id":5199,"href":"https:\/\/blogs.correiobraziliense.com.br\/servidor\/wp-json\/wp\/v2\/posts\/5198\/revisions\/5199"}],"wp:attachment":[{"href":"https:\/\/blogs.correiobraziliense.com.br\/servidor\/wp-json\/wp\/v2\/media?parent=5198"}],"wp:term":[{"taxonomy":"category","embeddable":true,"href":"https:\/\/blogs.correiobraziliense.com.br\/servidor\/wp-json\/wp\/v2\/categories?post=5198"},{"taxonomy":"post_tag","embeddable":true,"href":"https:\/\/blogs.correiobraziliense.com.br\/servidor\/wp-json\/wp\/v2\/tags?post=5198"}],"curies":[{"name":"wp","href":"https:\/\/api.w.org\/{rel}","templated":true}]}}