{"id":5194,"date":"2017-04-26T11:46:46","date_gmt":"2017-04-26T14:46:46","guid":{"rendered":"https:\/\/blogs.correiobraziliense.com.br\/servidor\/?p=5194"},"modified":"2017-04-26T11:46:46","modified_gmt":"2017-04-26T14:46:46","slug":"trabalhadores-dos-correios-pedem-apoio-populacao-contra-o-desmonte-do-patrimonio-nacional","status":"publish","type":"post","link":"https:\/\/blogs.correiobraziliense.com.br\/servidor\/trabalhadores-dos-correios-pedem-apoio-populacao-contra-o-desmonte-do-patrimonio-nacional\/","title":{"rendered":"Trabalhadores dos Correios pedem apoio \u00e0 popula\u00e7\u00e3o contra o desmonte do patrim\u00f4nio nacional"},"content":{"rendered":"<p dir=\"ltr\"><em>Categoria inicia greve nesta quarta-feira (26), por tempo indeterminado, para garantir os empregos e o atendimento aos clientes por todo territ\u00f3rio brasileiro<\/em><\/p>\n<p dir=\"ltr\">Contra a privatiza\u00e7\u00e3o, as demiss\u00f5es e retiradas de direitos, os trabalhadores dos Correios contam com o apoio da popula\u00e7\u00e3o em mais uma luta que v\u00e3o travar a partir desta semana, solicita a Federa\u00e7\u00e3o Nacional dos Trabalhadores em Empresas de Correios e Tel\u00e9grafos e Similares (Fentect). A Federa\u00e7\u00e3o informa que na nesta quarta-feira (26), a partir das 22 horas, ecetistas de todo o Pa\u00eds entrar\u00e3o em greve por tempo indeterminado. Por isso, a federa\u00e7\u00e3o quer esclarecer a import\u00e2ncia da mobiliza\u00e7\u00e3o tamb\u00e9m para a sociedade, j\u00e1 que mais de 200 ag\u00eancias est\u00e3o sendo fechadas por todo o Brasil e muitos moradores do interior e das periferias v\u00e3o ficar sem o atendimento banc\u00e1rio e postal dos Correios do Brasil.<\/p>\n<p dir=\"ltr\">Al\u00e9m do fim das ag\u00eancias pr\u00f3prias dos Correios, com fortalecimento das franqueadas, o que esvazia os neg\u00f3cios da empresa para a iniciativa privada, a ECT implantou a entrega alternada em v\u00e1rios locais do pa\u00eds. Assim, aprofunda a m\u00e1 qualidade na entrega de correspond\u00eancias, que deixa de ser di\u00e1ria, retirando, dessa maneira, o direito do cliente de receber regularmente as encomendas, assinala a Fentect.<\/p>\n<p dir=\"ltr\">&#8220;O atual presidente dos Correios, Guilherme Campos, indicado pol\u00edtico do Partido Social Democr\u00e1tico (PSD), afirma \u00e0 m\u00eddia dados negativos da empresa e um d\u00e9ficit financeiro em torno de R$ 4 bilh\u00f5es. No entanto, a receita da estatal apenas cresce. Em contrapartida, a gest\u00e3o da empresa adota medidas que maximizam os problemas nos Correios. Por exemplo, a ECT adotou \u00a0normas cont\u00e1beis que impactaram na contabilidade, sugerindo um d\u00e9ficit. De R$ 2 bilh\u00f5es anuais, em torno de R$ 1,5 bilh\u00e3o s\u00e3o dados cont\u00e1beis&#8221;, aponta a nota.<\/p>\n<p dir=\"ltr\">O p\u00f3s-emprego possui vari\u00e1veis question\u00e1veis, por exemplo: a t\u00e1bua de mortalidade adotada pelos Correios \u00e9 de 83 anos, no entanto, o IBGE trabalha com a estimativa em 72 anos. O lan\u00e7amento cont\u00e1bil diferenciado significa, ent\u00e3o, que a dire\u00e7\u00e3o dos Correios n\u00e3o est\u00e1, de fato, saindo do caixa da empresa.<\/p>\n<p dir=\"ltr\">&#8220;Nos \u00faltimos anos, os Correios repassaram para o governo federal R$ 6 bilh\u00f5es e, desse montante, R$ 3,9 bilh\u00f5es foram acima do valor estabelecido legalmente, prejudicando as reservas financeiras e investimentos necess\u00e1rios para a moderniza\u00e7\u00e3o da empresa. Ainda, foi realizado distrato de R$ 2,3 bilh\u00f5es do Banco Postal, com o Banco do Brasil, e destinados R$ 300 milh\u00f5es em patroc\u00ednios nas Olimp\u00edadas, fora os demais \u00e0s confedera\u00e7\u00f5es brasileiras. Foi investido na CorreiosPar apenas para &#8220;cabides de emprego&#8221; e realizados gastos constantes com diversas consultorias, sem licita\u00e7\u00e3o e sem solu\u00e7\u00e3o para os problemas dos Correios.<\/p>\n<p dir=\"ltr\">Este ano, a dire\u00e7\u00e3o dos Correios anunciou que est\u00e1 planejando demiss\u00f5es incentivadas. Esse processo dificulta ainda mais a situa\u00e7\u00e3o na estatal, que n\u00e3o tem contrata\u00e7\u00f5es h\u00e1 anos &#8211; o \u00faltimo concurso foi em 2011. A suspens\u00e3o das f\u00e9rias dos empregados por um ano tamb\u00e9m \u00e9 um agravante para os afastamentos m\u00e9dicos, pela sobrecarga de trabalho. Com o plano de sa\u00fade amea\u00e7ado, os trabalhadores ter\u00e3o mais dificuldades para se recuperar.<\/p>\n<p dir=\"ltr\">Com mais de 350 anos de exist\u00eancia, os Correios exercem papel fundamental na integra\u00e7\u00e3o nacional e para a seguran\u00e7a postal. \u00c9 considerada empresa padr\u00e3o de excel\u00eancia e desempenha um papel social significativo no pa\u00eds, em especial, nos locais mais long\u00ednquos. A privatiza\u00e7\u00e3o coloca em risco o direito da popula\u00e7\u00e3o ter acesso aos servi\u00e7os dos Correios, j\u00e1 que nas cidades menos lucrativas o \u00fanico intuito da empresa \u00e9 fechar as ag\u00eancias&#8221;, explica a entidade.<\/p>\n<p dir=\"ltr\">Eixos de Luta da categoria para a greve desta quarta-feira (26), em todo o Brasil:<\/p>\n<ul>\n<li>\n<p dir=\"ltr\">Contra o desmonte dos Correios. N\u00e3o \u00e0 privatiza\u00e7\u00e3o!<\/p>\n<\/li>\n<li>\n<p dir=\"ltr\">Contra a suspens\u00e3o das f\u00e9rias<\/p>\n<\/li>\n<li>\n<p dir=\"ltr\">Nenhuma demiss\u00e3o. Contrata\u00e7\u00e3o j\u00e1!<\/p>\n<\/li>\n<li>\n<p dir=\"ltr\">Contra o fechamento das ag\u00eancias<\/p>\n<\/li>\n<li>\n<p dir=\"ltr\">Contra a falta de seguran\u00e7a das ag\u00eancias<\/p>\n<\/li>\n<li>\n<p dir=\"ltr\">Pelo retorno da entrega di\u00e1ria<\/p>\n<\/li>\n<li>\n<p dir=\"ltr\">Greve geral contra as Reformas Previdenci\u00e1ria e Trabalhista<\/p>\n<\/li>\n<li>\n<p dir=\"ltr\">Abertura dos livros cont\u00e1beis da empresa. Auditoria j\u00e1!<\/p>\n<\/li>\n<li>\n<p dir=\"ltr\">Auditoria da d\u00edvida p\u00fablica. Taxa\u00e7\u00e3o das grandes fortunas<\/p>\n<\/li>\n<li>\n<p dir=\"ltr\">Fora Guilherme Campos! Fora Temer!<\/p>\n<\/li>\n<\/ul>\n<p dir=\"ltr\">SERVI\u00c7O<\/p>\n<p dir=\"ltr\">GREVE NACIONAL CONTRA O DESMONTE DOS CORREIOS<\/p>\n<p dir=\"ltr\">DATA: 26-04-2017<\/p>\n<p dir=\"ltr\">HOR\u00c1RIO: a partir das 22 horas<\/p>\n<p dir=\"ltr\">LOCAL: em todo o Brasil<\/p>\n<p>PRAZO: por tempo indeterminado<span style=\"font-family: verdana,sans-serif\"><br \/>\n<\/span><\/p>\n","protected":false},"excerpt":{"rendered":"<p>Categoria inicia greve nesta quarta-feira (26), por tempo indeterminado, para garantir os empregos e o atendimento aos clientes por todo territ\u00f3rio brasileiro Contra a privatiza\u00e7\u00e3o, as demiss\u00f5es e retiradas de direitos, os trabalhadores dos Correios contam com o apoio da popula\u00e7\u00e3o em mais uma luta que v\u00e3o travar a partir desta semana, solicita a Federa\u00e7\u00e3o Nacional dos Trabalhadores em Empresas [&hellip;]<\/p>\n","protected":false},"author":27,"featured_media":0,"comment_status":"open","ping_status":"closed","sticky":false,"template":"","format":"standard","meta":{"footnotes":""},"categories":[2719],"tags":[879,792,551,3521,5820,3270,2603,6197,6196,15,2020,70,1454,545,2019,19],"class_list":["post-5194","post","type-post","status-publish","format-standard","hentry","category-servidor","tag-agencias","tag-apoio","tag-atendimento","tag-clientes","tag-correio","tag-desmonte","tag-empregos","tag-fechada","tag-fentect","tag-greve","tag-indeterminado","tag-nacional","tag-patrimonio","tag-populacao","tag-tempo","tag-trabalhadores"],"_links":{"self":[{"href":"https:\/\/blogs.correiobraziliense.com.br\/servidor\/wp-json\/wp\/v2\/posts\/5194","targetHints":{"allow":["GET"]}}],"collection":[{"href":"https:\/\/blogs.correiobraziliense.com.br\/servidor\/wp-json\/wp\/v2\/posts"}],"about":[{"href":"https:\/\/blogs.correiobraziliense.com.br\/servidor\/wp-json\/wp\/v2\/types\/post"}],"author":[{"embeddable":true,"href":"https:\/\/blogs.correiobraziliense.com.br\/servidor\/wp-json\/wp\/v2\/users\/27"}],"replies":[{"embeddable":true,"href":"https:\/\/blogs.correiobraziliense.com.br\/servidor\/wp-json\/wp\/v2\/comments?post=5194"}],"version-history":[{"count":1,"href":"https:\/\/blogs.correiobraziliense.com.br\/servidor\/wp-json\/wp\/v2\/posts\/5194\/revisions"}],"predecessor-version":[{"id":5195,"href":"https:\/\/blogs.correiobraziliense.com.br\/servidor\/wp-json\/wp\/v2\/posts\/5194\/revisions\/5195"}],"wp:attachment":[{"href":"https:\/\/blogs.correiobraziliense.com.br\/servidor\/wp-json\/wp\/v2\/media?parent=5194"}],"wp:term":[{"taxonomy":"category","embeddable":true,"href":"https:\/\/blogs.correiobraziliense.com.br\/servidor\/wp-json\/wp\/v2\/categories?post=5194"},{"taxonomy":"post_tag","embeddable":true,"href":"https:\/\/blogs.correiobraziliense.com.br\/servidor\/wp-json\/wp\/v2\/tags?post=5194"}],"curies":[{"name":"wp","href":"https:\/\/api.w.org\/{rel}","templated":true}]}}