{"id":5192,"date":"2017-04-26T11:40:02","date_gmt":"2017-04-26T14:40:02","guid":{"rendered":"https:\/\/blogs.correiobraziliense.com.br\/servidor\/?p=5192"},"modified":"2017-04-26T11:40:02","modified_gmt":"2017-04-26T14:40:02","slug":"mantida-demissao-de-juiz-do-tribunal-de-justica-de-mato-grosso","status":"publish","type":"post","link":"https:\/\/blogs.correiobraziliense.com.br\/servidor\/mantida-demissao-de-juiz-do-tribunal-de-justica-de-mato-grosso\/","title":{"rendered":"Mantida demiss\u00e3o de juiz do Tribunal de Justi\u00e7a de Mato Grosso"},"content":{"rendered":"<p>Em decis\u00e3o un\u00e2nime, o Plen\u00e1rio do Conselho Nacional de Justi\u00e7a (CNJ) negou ontem (25\/4) o pedido de anula\u00e7\u00e3o da pena de demiss\u00e3o aplicada pelo Tribunal de Justi\u00e7a de Mato Grosso (TJMT) ao magistrado Ariel Rocha Soares. O juiz foi condenado em dezembro de 2014 \u00e0 pena de demiss\u00e3o em decorr\u00eancia de diversas faltas funcionais, como comparecer ao F\u00f3rum de Tabapor\u00e3 sob o efeito de \u00e1lcool ou drogas e se ausentar injustificadamente do local de trabalho.<\/p>\n<p>O magistrado, que n\u00e3o tinha completado o per\u00edodo de exerc\u00edcio necess\u00e1rio ao vitaliciamento na fun\u00e7\u00e3o, foi acusado ainda de morosidade na presta\u00e7\u00e3o jurisdicional e de promover manobras bruscas com seu carro em terreno nos fundos do f\u00f3rum, oferecendo risco a terceiros.<\/p>\n<p>O juiz alegou tratar-se de epis\u00f3dios isolados e afirmou que estava passando por momento de depress\u00e3o, provocado pela morte da m\u00e3e, pelo assassinato de sua namorada, tamb\u00e9m ju\u00edza, e por problemas decorrentes de sua mudan\u00e7a para o interior do estado. Ele afirmou ainda que a demora na presta\u00e7\u00e3o jurisdicional era resultado da acumula\u00e7\u00e3o das fun\u00e7\u00f5es de juiz substituto nas comarcas de Tabapor\u00e3 e Porto dos Ga\u00fachos, tendo sido obrigado a julgar causas de compet\u00eancia da Justi\u00e7a Federal e da Justi\u00e7a do Trabalho, apesar de estar em est\u00e1gio probat\u00f3rio.<\/p>\n<p>Ao julgar o pedido (Revis\u00e3o Disciplinar 0005993-29.2015.2.00.0000), a conselheira Daldice Santana, relatora do processo, entendeu que os fatos apresentados n\u00e3o podiam ser considerados novos e j\u00e1 teriam sido analisados pelo TJMT, portanto n\u00e3o havia justificativa para modifica\u00e7\u00e3o da decis\u00e3o proferida.<\/p>\n<p>\u201cAnalisados os elementos trazidos \u00e0 cola\u00e7\u00e3o pelo requerente e os do processo disciplinar em quest\u00e3o, \u00e9 for\u00e7oso concluir que esta Revis\u00e3o Disciplinar n\u00e3o serviu ao prop\u00f3sito de comprovar a contrariedade ao texto de lei ou a oposi\u00e7\u00e3o \u00e0s evid\u00eancias dos autos, tampouco a ocorr\u00eancia de fato novo capaz de modificar a decis\u00e3o proferida pelo TJMT. Desse modo, reveste-se esta Revis\u00e3o, nitidamente, de car\u00e1ter recursal\u201d, afirmou a conselheira em seu voto, acompanhado pelos demais conselheiros presentes.<\/p>\n","protected":false},"excerpt":{"rendered":"<p>Em decis\u00e3o un\u00e2nime, o Plen\u00e1rio do Conselho Nacional de Justi\u00e7a (CNJ) negou ontem (25\/4) o pedido de anula\u00e7\u00e3o da pena de demiss\u00e3o aplicada pelo Tribunal de Justi\u00e7a de Mato Grosso (TJMT) ao magistrado Ariel Rocha Soares. O juiz foi condenado em dezembro de 2014 \u00e0 pena de demiss\u00e3o em decorr\u00eancia de diversas faltas funcionais, como comparecer ao F\u00f3rum de Tabapor\u00e3 [&hellip;]<\/p>\n","protected":false},"author":27,"featured_media":0,"comment_status":"open","ping_status":"closed","sticky":false,"template":"","format":"standard","meta":{"footnotes":""},"categories":[2719],"tags":[6194,254,5915,1017,6165,5414,3499,862,429,2075,347,6195],"class_list":["post-5192","post","type-post","status-publish","format-standard","hentry","category-servidor","tag-alcool","tag-cnj","tag-condenado","tag-demissao","tag-depressao","tag-drogas","tag-faltas","tag-funcionais","tag-juiz","tag-magistrado","tag-tjmt","tag-viltaliciamento"],"_links":{"self":[{"href":"https:\/\/blogs.correiobraziliense.com.br\/servidor\/wp-json\/wp\/v2\/posts\/5192","targetHints":{"allow":["GET"]}}],"collection":[{"href":"https:\/\/blogs.correiobraziliense.com.br\/servidor\/wp-json\/wp\/v2\/posts"}],"about":[{"href":"https:\/\/blogs.correiobraziliense.com.br\/servidor\/wp-json\/wp\/v2\/types\/post"}],"author":[{"embeddable":true,"href":"https:\/\/blogs.correiobraziliense.com.br\/servidor\/wp-json\/wp\/v2\/users\/27"}],"replies":[{"embeddable":true,"href":"https:\/\/blogs.correiobraziliense.com.br\/servidor\/wp-json\/wp\/v2\/comments?post=5192"}],"version-history":[{"count":1,"href":"https:\/\/blogs.correiobraziliense.com.br\/servidor\/wp-json\/wp\/v2\/posts\/5192\/revisions"}],"predecessor-version":[{"id":5193,"href":"https:\/\/blogs.correiobraziliense.com.br\/servidor\/wp-json\/wp\/v2\/posts\/5192\/revisions\/5193"}],"wp:attachment":[{"href":"https:\/\/blogs.correiobraziliense.com.br\/servidor\/wp-json\/wp\/v2\/media?parent=5192"}],"wp:term":[{"taxonomy":"category","embeddable":true,"href":"https:\/\/blogs.correiobraziliense.com.br\/servidor\/wp-json\/wp\/v2\/categories?post=5192"},{"taxonomy":"post_tag","embeddable":true,"href":"https:\/\/blogs.correiobraziliense.com.br\/servidor\/wp-json\/wp\/v2\/tags?post=5192"}],"curies":[{"name":"wp","href":"https:\/\/api.w.org\/{rel}","templated":true}]}}