{"id":5184,"date":"2017-04-25T21:56:46","date_gmt":"2017-04-26T00:56:46","guid":{"rendered":"https:\/\/blogs.correiobraziliense.com.br\/servidor\/?p=5184"},"modified":"2017-04-25T21:56:46","modified_gmt":"2017-04-26T00:56:46","slug":"justica-do-trabalho-abre-novo-paradigma-sobre-desligamento-de-servidores-publicos","status":"publish","type":"post","link":"https:\/\/blogs.correiobraziliense.com.br\/servidor\/justica-do-trabalho-abre-novo-paradigma-sobre-desligamento-de-servidores-publicos\/","title":{"rendered":"Justi\u00e7a do Trabalho abre novo paradigma sobre desligamento de servidores p\u00fablicos"},"content":{"rendered":"<p><em>Decis\u00e3o do Tribunal Regional do Trabalho da 10\u00aa Regi\u00e3o abre um novo paradigma relativo ao desligamento de servidores p\u00fablicos. A Segunda Turma do tribunal manteve senten\u00e7a que determinou a readmiss\u00e3o de servidores p\u00fablicos do Banco Nacional de Cr\u00e9dito Cooperativo, extinto em 1990 pelo ex-presidente Fernando Collor.<\/em><\/p>\n<p>Os trabalhadores pediam a readmiss\u00e3o porque foram dispensados por causa da reforma administrativa do governo Collor. Acontece que os desligamentos ocorreram em 1994, ap\u00f3s o per\u00edodo previsto na Lei 8.878\/1994 (mar\u00e7o de 1990 a setembro de 1992), que anistiou as demiss\u00f5es ilegais feitas por Collor. Eles permanecerem trabalhando para concluir a liquida\u00e7\u00e3o do banco.<\/p>\n<p>Na vis\u00e3o\u00a0do\u00a0advogado Adovaldo Dias de Medeiros Filho, do escrit\u00f3rio Roberto Caldas, Mauro Meneses &amp; Advogados, a\u00a0decis\u00e3o do TRT da 10\u00aa Regi\u00e3o se revela paradigm\u00e1tica, \u201duma vez que, ao recorrer ao princ\u00edpio da isonomia, a Corte interpreta a Lei 8.878\/94 de forma extensiva,\u00a0para\u00a0a garantir o direito daqueles que foram demitidos nos momentos finais de liquida\u00e7\u00e3o do Banco, de forma a n\u00e3o restringir, \u00e0 letra fria da lei, os benefici\u00e1rios da anistia, mas sim todos aqueles que forma desligados sem qualquer motiva\u00e7\u00e3o v\u00e1lida \u2013\u00a0no caso, a extin\u00e7\u00e3o do BNCC\u00a0\u2013 independentemente da data\u201d.<\/p>\n<p>Para o relator do caso, desembargador M\u00e1rio Macedo Fernandes Caron, a quest\u00e3o da anistia n\u00e3o pode ser interpretada de forma literal, descontextualizada e n\u00e3o sistem\u00e1tica. Isso porque ficou constatado no processo que os empregados p\u00fablicos foram mantidos at\u00e9 1994 pela necessidade de perman\u00eancia deles para liquida\u00e7\u00e3o do banco.<\/p>\n","protected":false},"excerpt":{"rendered":"<p>Decis\u00e3o do Tribunal Regional do Trabalho da 10\u00aa Regi\u00e3o abre um novo paradigma relativo ao desligamento de servidores p\u00fablicos. A Segunda Turma do tribunal manteve senten\u00e7a que determinou a readmiss\u00e3o de servidores p\u00fablicos do Banco Nacional de Cr\u00e9dito Cooperativo, extinto em 1990 pelo ex-presidente Fernando Collor. Os trabalhadores pediam a readmiss\u00e3o porque foram dispensados por causa da reforma administrativa do [&hellip;]<\/p>\n","protected":false},"author":27,"featured_media":0,"comment_status":"open","ping_status":"closed","sticky":false,"template":"","format":"standard","meta":{"footnotes":""},"categories":[2719],"tags":[4380,6109,1598,6187,2520,6186,5336,24,2158,58,5347],"class_list":["post-5184","post","type-post","status-publish","format-standard","hentry","category-servidor","tag-anistia","tag-bncc","tag-desligamento","tag-fernando-collor","tag-liquidacao","tag-paradigma","tag-permanencia","tag-publicos","tag-sentenca","tag-servidores","tag-trt10"],"_links":{"self":[{"href":"https:\/\/blogs.correiobraziliense.com.br\/servidor\/wp-json\/wp\/v2\/posts\/5184","targetHints":{"allow":["GET"]}}],"collection":[{"href":"https:\/\/blogs.correiobraziliense.com.br\/servidor\/wp-json\/wp\/v2\/posts"}],"about":[{"href":"https:\/\/blogs.correiobraziliense.com.br\/servidor\/wp-json\/wp\/v2\/types\/post"}],"author":[{"embeddable":true,"href":"https:\/\/blogs.correiobraziliense.com.br\/servidor\/wp-json\/wp\/v2\/users\/27"}],"replies":[{"embeddable":true,"href":"https:\/\/blogs.correiobraziliense.com.br\/servidor\/wp-json\/wp\/v2\/comments?post=5184"}],"version-history":[{"count":1,"href":"https:\/\/blogs.correiobraziliense.com.br\/servidor\/wp-json\/wp\/v2\/posts\/5184\/revisions"}],"predecessor-version":[{"id":5185,"href":"https:\/\/blogs.correiobraziliense.com.br\/servidor\/wp-json\/wp\/v2\/posts\/5184\/revisions\/5185"}],"wp:attachment":[{"href":"https:\/\/blogs.correiobraziliense.com.br\/servidor\/wp-json\/wp\/v2\/media?parent=5184"}],"wp:term":[{"taxonomy":"category","embeddable":true,"href":"https:\/\/blogs.correiobraziliense.com.br\/servidor\/wp-json\/wp\/v2\/categories?post=5184"},{"taxonomy":"post_tag","embeddable":true,"href":"https:\/\/blogs.correiobraziliense.com.br\/servidor\/wp-json\/wp\/v2\/tags?post=5184"}],"curies":[{"name":"wp","href":"https:\/\/api.w.org\/{rel}","templated":true}]}}