{"id":5178,"date":"2017-04-25T21:43:58","date_gmt":"2017-04-26T00:43:58","guid":{"rendered":"https:\/\/blogs.correiobraziliense.com.br\/servidor\/?p=5178"},"modified":"2017-04-25T21:43:58","modified_gmt":"2017-04-26T00:43:58","slug":"semana-sera-de-dupla-paralisacao-para-os-servidores-administrativos-da-pf","status":"publish","type":"post","link":"https:\/\/blogs.correiobraziliense.com.br\/servidor\/semana-sera-de-dupla-paralisacao-para-os-servidores-administrativos-da-pf\/","title":{"rendered":"Semana ser\u00e1 de dupla paralisa\u00e7\u00e3o para os servidores administrativos da PF"},"content":{"rendered":"<p>Com o slogan \u201cQuem n\u00e3o valoriza o que tem, fica sem!\u201d, os servidores administrativos da Pol\u00edcia Federal ir\u00e3o paralisar suas atividades em todo o pa\u00eds duas vezes ao longo da semana. Na quinta-feira (27), a categoria cruza os bra\u00e7os em protesto contra a falta de respostas do governo para demandas hist\u00f3ricas da categoria. Na sexta-feira (28), os administrativos se juntam ao restante do funcionalismo p\u00fablico em greve geral contra a Reforma da Previd\u00eancia (PEC 287).<\/p>\n<p>A paralisa\u00e7\u00e3o dos administrativos comprometer\u00e1 todo o suporte log\u00edstico \u00e0s atividades policiais, bem como os servi\u00e7os de fiscaliza\u00e7\u00e3o prestados pela Pol\u00edcia Federal em \u00e1reas como\u00a0expedi\u00e7\u00e3o de passaporte, controle imigrat\u00f3rio, controle de entrada de produtos qu\u00edmicos no pa\u00eds e controle dos servi\u00e7os de seguran\u00e7a privada.<\/p>\n<p>A categoria reivindica o encaminhamento ao Congresso Nacional de Projeto de Lei propondo a reestrutura\u00e7\u00e3o da carreira, nos moldes do que foi oferecido aos administrativos da Advocacia Geral da Uni\u00e3o e da Receita Federal, carreiras que est\u00e3o hoje no mesmo patamar da PF. Al\u00e9m disso, a categoria cobra a regulamenta\u00e7\u00e3o de suas atribui\u00e7\u00f5es, de modo a deixar clara a participa\u00e7\u00e3o dos administrativos em atividades de fiscaliza\u00e7\u00e3o e de controle desempenhadas pela PF.<\/p>\n<p>Para o Sinpecpf, sindicato que representa a categoria, n\u00e3o havia outra alternativa sen\u00e3o a paralisa\u00e7\u00e3o. \u201cNossas reivindica\u00e7\u00f5es datam mais de dez anos. N\u00e3o podemos ficar novamente para tr\u00e1s\u201d, explica o presidente do Sinpecpf, \u00c9der Fernando da Silva. Na avalia\u00e7\u00e3o do sindicalista, as bandeiras empunhadas pelos administrativos n\u00e3o avan\u00e7am porque a dire\u00e7\u00e3o da PF adota postura corporativista, com olhos apenas para a categoria policial.<\/p>\n<p>\u201cOs policiais federais acabaram de receber, gra\u00e7as a interven\u00e7\u00e3o da Dire\u00e7\u00e3o-Geral do \u00f3rg\u00e3o, aumento que chega a at\u00e9 37% enquanto o nosso reajuste foi de apenas 10,8%. E antes disso eles j\u00e1 recebiam at\u00e9 quatro vezes mais do que a gente\u201d, protesta \u00c9der. A disparidade \u00e9 tanta que, sozinho, o reajuste dos policiais supera a remunera\u00e7\u00e3o inicial dos administrativos. \u201c\u00c9 revoltante\u201d, lamenta o sindicalista.<\/p>\n<p>A situa\u00e7\u00e3o fiscal do pa\u00eds \u2014 apontada pelo Governo como impeditivo para novos reajustes \u2014 n\u00e3o desmotiva a categoria administrativa, que sustenta estar propondo economia para os cofres p\u00fablicos. \u201cSem perspectiva de carreira, o administrativo abandona o \u00f3rg\u00e3o e o trabalho dele passa a ser desempenhado por um policial federal\u201d, revela \u00c9der.\u00a0Tal\u00a0solu\u00e7\u00e3o, adotada pela PF, vai na contram\u00e3o da economia. &#8220;Valorizar o administrativo e manter o policial na linha de combate ao crime organizado \u00e9 muito mais eficiente e econ\u00f4mico\u201d, sustenta o sindicalista.<\/p>\n","protected":false},"excerpt":{"rendered":"<p>Com o slogan \u201cQuem n\u00e3o valoriza o que tem, fica sem!\u201d, os servidores administrativos da Pol\u00edcia Federal ir\u00e3o paralisar suas atividades em todo o pa\u00eds duas vezes ao longo da semana. Na quinta-feira (27), a categoria cruza os bra\u00e7os em protesto contra a falta de respostas do governo para demandas hist\u00f3ricas da categoria. Na sexta-feira (28), os administrativos se juntam [&hellip;]<\/p>\n","protected":false},"author":27,"featured_media":0,"comment_status":"open","ping_status":"closed","sticky":false,"template":"","format":"standard","meta":{"footnotes":""},"categories":[2719],"tags":[1055,1500,6184,2907,15,6185,506,4813,319,610,58],"class_list":["post-5178","post","type-post","status-publish","format-standard","hentry","category-servidor","tag-administrativos","tag-demandas","tag-dupla","tag-geral","tag-greve","tag-historicas","tag-paralisacao","tag-pec-287","tag-pf","tag-semana","tag-servidores"],"_links":{"self":[{"href":"https:\/\/blogs.correiobraziliense.com.br\/servidor\/wp-json\/wp\/v2\/posts\/5178","targetHints":{"allow":["GET"]}}],"collection":[{"href":"https:\/\/blogs.correiobraziliense.com.br\/servidor\/wp-json\/wp\/v2\/posts"}],"about":[{"href":"https:\/\/blogs.correiobraziliense.com.br\/servidor\/wp-json\/wp\/v2\/types\/post"}],"author":[{"embeddable":true,"href":"https:\/\/blogs.correiobraziliense.com.br\/servidor\/wp-json\/wp\/v2\/users\/27"}],"replies":[{"embeddable":true,"href":"https:\/\/blogs.correiobraziliense.com.br\/servidor\/wp-json\/wp\/v2\/comments?post=5178"}],"version-history":[{"count":1,"href":"https:\/\/blogs.correiobraziliense.com.br\/servidor\/wp-json\/wp\/v2\/posts\/5178\/revisions"}],"predecessor-version":[{"id":5179,"href":"https:\/\/blogs.correiobraziliense.com.br\/servidor\/wp-json\/wp\/v2\/posts\/5178\/revisions\/5179"}],"wp:attachment":[{"href":"https:\/\/blogs.correiobraziliense.com.br\/servidor\/wp-json\/wp\/v2\/media?parent=5178"}],"wp:term":[{"taxonomy":"category","embeddable":true,"href":"https:\/\/blogs.correiobraziliense.com.br\/servidor\/wp-json\/wp\/v2\/categories?post=5178"},{"taxonomy":"post_tag","embeddable":true,"href":"https:\/\/blogs.correiobraziliense.com.br\/servidor\/wp-json\/wp\/v2\/tags?post=5178"}],"curies":[{"name":"wp","href":"https:\/\/api.w.org\/{rel}","templated":true}]}}