{"id":5176,"date":"2017-04-25T21:39:19","date_gmt":"2017-04-26T00:39:19","guid":{"rendered":"https:\/\/blogs.correiobraziliense.com.br\/servidor\/?p=5176"},"modified":"2017-04-25T21:39:19","modified_gmt":"2017-04-26T00:39:19","slug":"gdf-e-condenado-pagar-divida-trabalhista-servidor-de-empresa-publica-extinta","status":"publish","type":"post","link":"https:\/\/blogs.correiobraziliense.com.br\/servidor\/gdf-e-condenado-pagar-divida-trabalhista-servidor-de-empresa-publica-extinta\/","title":{"rendered":"GDF \u00e9 condenado a pagar d\u00edvida trabalhista a servidor de empresa p\u00fablica extinta"},"content":{"rendered":"<p>Por decis\u00e3o un\u00e2nime, a segunda turma do Tribunal Superior do Trabalho (TST) condenou o Governo do Distrito Federal a pagar diferen\u00e7as salariais a motorista da Sociedade de Abastecimento de Bras\u00edlia (SAB) &#8211; empresa p\u00fablica que n\u00e3o existe mais &#8211; decorrentes de progress\u00f5es horizontais por antiguidade.<\/p>\n<p>O relator do processo no TST, ministro Jos\u00e9 Roberto Pimenta, considerou il\u00edcita a tese da defesa de que no Plano de Cargos e Sal\u00e1rios (PCS), estabelecido em 1990 pela empresa, a progress\u00e3o estava condicionada \u00e0 exist\u00eancia de dota\u00e7\u00e3o or\u00e7ament\u00e1ria espec\u00edfica.<\/p>\n<p>Para o ministro, o recebimento desse tipo de promo\u00e7\u00e3o s\u00f3 depende do empregado cumprir o requisito temporal \u2013 na hip\u00f3tese, dois anos de exerc\u00edcio efetivo no n\u00edvel salarial.<\/p>\n<p>Vale lembrar que quando uma empresa p\u00fablica deixa de existir, quem se responsabiliza pelos servidores \u00e9 o Governo do Estado, no caso, o Governo do Distrito Federal (GDF).<\/p>\n<p>O advogado especialista em direito do trabalho e s\u00f3cio do escrit\u00f3rio Ferraz dos Passo, Ronaldo Tolentino, acredita que a decis\u00e3o do TST est\u00e1 correta, pois dessa forma n\u00e3o se transfere os riscos econ\u00f4micos aos trabalhadores.<\/p>\n<p>No processo, o motorista alegou que a SAB estabeleceu, em 1990, Plano de Cargos e Sal\u00e1rios (PCS) com previs\u00f5es de promo\u00e7\u00f5es por merecimento e antiguidade aplicadas alternadamente, por\u00e9m o benef\u00edcio n\u00e3o foi concedido de 1995 a 2002, nem de 2004 a 2012, sendo restabelecido em 2013. Na a\u00e7\u00e3o ele pediu as diferen\u00e7as salariais relativas \u00e0s progress\u00f5es n\u00e3o aplicadas.<\/p>\n<p>Processo: RR-1928-40.2014.5.10.0018<\/p>\n","protected":false},"excerpt":{"rendered":"<p>Por decis\u00e3o un\u00e2nime, a segunda turma do Tribunal Superior do Trabalho (TST) condenou o Governo do Distrito Federal a pagar diferen\u00e7as salariais a motorista da Sociedade de Abastecimento de Bras\u00edlia (SAB) &#8211; empresa p\u00fablica que n\u00e3o existe mais &#8211; decorrentes de progress\u00f5es horizontais por antiguidade. O relator do processo no TST, ministro Jos\u00e9 Roberto Pimenta, considerou il\u00edcita a tese da [&hellip;]<\/p>\n","protected":false},"author":27,"featured_media":0,"comment_status":"open","ping_status":"closed","sticky":false,"template":"","format":"standard","meta":{"footnotes":""},"categories":[2719],"tags":[5915,1461,2986,4659,2692,1525,6180,6183,6182,147,6181,8,2157,503],"class_list":["post-5176","post","type-post","status-publish","format-standard","hentry","category-servidor","tag-condenado","tag-divida","tag-empresa","tag-extinta","tag-gdf","tag-pagar","tag-pcs","tag-progressoes","tag-promocoes","tag-publica","tag-sab","tag-servidor","tag-trabalhista","tag-tst"],"_links":{"self":[{"href":"https:\/\/blogs.correiobraziliense.com.br\/servidor\/wp-json\/wp\/v2\/posts\/5176","targetHints":{"allow":["GET"]}}],"collection":[{"href":"https:\/\/blogs.correiobraziliense.com.br\/servidor\/wp-json\/wp\/v2\/posts"}],"about":[{"href":"https:\/\/blogs.correiobraziliense.com.br\/servidor\/wp-json\/wp\/v2\/types\/post"}],"author":[{"embeddable":true,"href":"https:\/\/blogs.correiobraziliense.com.br\/servidor\/wp-json\/wp\/v2\/users\/27"}],"replies":[{"embeddable":true,"href":"https:\/\/blogs.correiobraziliense.com.br\/servidor\/wp-json\/wp\/v2\/comments?post=5176"}],"version-history":[{"count":1,"href":"https:\/\/blogs.correiobraziliense.com.br\/servidor\/wp-json\/wp\/v2\/posts\/5176\/revisions"}],"predecessor-version":[{"id":5177,"href":"https:\/\/blogs.correiobraziliense.com.br\/servidor\/wp-json\/wp\/v2\/posts\/5176\/revisions\/5177"}],"wp:attachment":[{"href":"https:\/\/blogs.correiobraziliense.com.br\/servidor\/wp-json\/wp\/v2\/media?parent=5176"}],"wp:term":[{"taxonomy":"category","embeddable":true,"href":"https:\/\/blogs.correiobraziliense.com.br\/servidor\/wp-json\/wp\/v2\/categories?post=5176"},{"taxonomy":"post_tag","embeddable":true,"href":"https:\/\/blogs.correiobraziliense.com.br\/servidor\/wp-json\/wp\/v2\/tags?post=5176"}],"curies":[{"name":"wp","href":"https:\/\/api.w.org\/{rel}","templated":true}]}}