{"id":5168,"date":"2017-04-24T08:29:03","date_gmt":"2017-04-24T11:29:03","guid":{"rendered":"https:\/\/blogs.correiobraziliense.com.br\/servidor\/?p=5168"},"modified":"2017-04-23T20:33:51","modified_gmt":"2017-04-23T23:33:51","slug":"depressao-atinge-cerca-de-15-dos-estudantes-brasileiros-segundo-andifies","status":"publish","type":"post","link":"https:\/\/blogs.correiobraziliense.com.br\/servidor\/depressao-atinge-cerca-de-15-dos-estudantes-brasileiros-segundo-andifies\/","title":{"rendered":"A depress\u00e3o atinge cerca de 15% dos estudantes brasileiros, segundo a Andifies"},"content":{"rendered":"<div>\n<p><i>A press\u00e3o para serem bem sucedidos profissionalmente \u00e9 um dos principais fatores para a dissemina\u00e7\u00e3o do transtorno em jovens, apontou a Associa\u00e7\u00e3o Nacional dos Dirigentes das Institui\u00e7\u00f5es Federais de Ensino Superior (Andifes)<br \/>\n<\/i><\/p>\n<div>\n<p>Ser bem sucedido, necessidade para definir a carreira, tirar boas notas, ser o melhor aluno da sala. A press\u00e3o psicol\u00f3gica afeta os jovens estudantes das mais diferentes maneiras poss\u00edveis.<\/p>\n<p>Os grandes desafios e as intermin\u00e1veis cobran\u00e7as fazem com que as pessoas se tornem mais vulner\u00e1veis, sendo assim mais propensas a apresentarem casos de depress\u00f5es.<\/p>\n<p>O transtorno vem afetando cada vez mais jovens ao redor do mundo. Os \u00edndices crescentes nos Estados Unidos e tamb\u00e9m no Brasil chamam aten\u00e7\u00e3o, cada vez mais, de diversos especialistas da \u00e1rea da sa\u00fade.<\/p>\n<p>Segundo dados da Associa\u00e7\u00e3o Nacional dos Dirigentes das Institui\u00e7\u00f5es Federais de Ensino Superior (Andifes), metade dos universit\u00e1rios brasileiros vivenciou algum tipo de crise emocional. A depress\u00e3o atingiu cerca de 15% dos estudantes, enquanto a m\u00e9dia geral entre jovens de at\u00e9 25 anos fica em torno de 4%.<\/p>\n<p>Graduado em Economia, Rela\u00e7\u00f5es Internacionais e Letras, pela Universidade da Pensilv\u00e2nia, Raiam Santos, autor do livro Wall Street \u2013 A Saga de Um Brasileiro em Nova York (Astral Cultural), classifica a superficialidade e a intensa press\u00e3o psicol\u00f3gica da Universidade como um dos maiores desafios, n\u00e3o somente para a carreira, mas tamb\u00e9m para a vida, literalmente falando.<\/p>\n<p>Infelizmente, a forte press\u00e3o psicol\u00f3gica fez algumas vitimas. J\u00e1 n\u00e3o eram raros os casos, noticiados em jornais locais, de alunos que n\u00e3o aguentaram o per\u00edodo de provas finais. Um deles, inclusive, companheiro de Raiam no time de futebol americano da Universidade da Pensilv\u00e2nia.<\/p>\n<p>&nbsp;<\/p>\n<\/div>\n<\/div>\n","protected":false},"excerpt":{"rendered":"<p>A press\u00e3o para serem bem sucedidos profissionalmente \u00e9 um dos principais fatores para a dissemina\u00e7\u00e3o do transtorno em jovens, apontou a Associa\u00e7\u00e3o Nacional dos Dirigentes das Institui\u00e7\u00f5es Federais de Ensino Superior (Andifes) Ser bem sucedido, necessidade para definir a carreira, tirar boas notas, ser o melhor aluno da sala. A press\u00e3o psicol\u00f3gica afeta os jovens estudantes das mais diferentes maneiras [&hellip;]<\/p>\n","protected":false},"author":27,"featured_media":0,"comment_status":"open","ping_status":"closed","sticky":false,"template":"","format":"standard","meta":{"footnotes":""},"categories":[2719],"tags":[6166,734,366,6165,6170,1163,6169,6168,6167,523],"class_list":["post-5168","post","type-post","status-publish","format-standard","hentry","category-servidor","tag-andifes","tag-brasileiros","tag-crise","tag-depressao","tag-emocional","tag-estudantes","tag-jovens-wall-street","tag-profissionalmente","tag-sucedios","tag-transtorno"],"_links":{"self":[{"href":"https:\/\/blogs.correiobraziliense.com.br\/servidor\/wp-json\/wp\/v2\/posts\/5168","targetHints":{"allow":["GET"]}}],"collection":[{"href":"https:\/\/blogs.correiobraziliense.com.br\/servidor\/wp-json\/wp\/v2\/posts"}],"about":[{"href":"https:\/\/blogs.correiobraziliense.com.br\/servidor\/wp-json\/wp\/v2\/types\/post"}],"author":[{"embeddable":true,"href":"https:\/\/blogs.correiobraziliense.com.br\/servidor\/wp-json\/wp\/v2\/users\/27"}],"replies":[{"embeddable":true,"href":"https:\/\/blogs.correiobraziliense.com.br\/servidor\/wp-json\/wp\/v2\/comments?post=5168"}],"version-history":[{"count":1,"href":"https:\/\/blogs.correiobraziliense.com.br\/servidor\/wp-json\/wp\/v2\/posts\/5168\/revisions"}],"predecessor-version":[{"id":5169,"href":"https:\/\/blogs.correiobraziliense.com.br\/servidor\/wp-json\/wp\/v2\/posts\/5168\/revisions\/5169"}],"wp:attachment":[{"href":"https:\/\/blogs.correiobraziliense.com.br\/servidor\/wp-json\/wp\/v2\/media?parent=5168"}],"wp:term":[{"taxonomy":"category","embeddable":true,"href":"https:\/\/blogs.correiobraziliense.com.br\/servidor\/wp-json\/wp\/v2\/categories?post=5168"},{"taxonomy":"post_tag","embeddable":true,"href":"https:\/\/blogs.correiobraziliense.com.br\/servidor\/wp-json\/wp\/v2\/tags?post=5168"}],"curies":[{"name":"wp","href":"https:\/\/api.w.org\/{rel}","templated":true}]}}