{"id":5158,"date":"2017-04-21T20:01:37","date_gmt":"2017-04-21T23:01:37","guid":{"rendered":"https:\/\/blogs.correiobraziliense.com.br\/servidor\/?p=5158"},"modified":"2017-04-21T22:39:00","modified_gmt":"2017-04-22T01:39:00","slug":"aeronautas-vao-decidir-apoio-greve-geral-de-28-de-abril","status":"publish","type":"post","link":"https:\/\/blogs.correiobraziliense.com.br\/servidor\/aeronautas-vao-decidir-apoio-greve-geral-de-28-de-abril\/","title":{"rendered":"Aeronautas v\u00e3o decidir apoio \u00e0 greve geral de 28 de abril"},"content":{"rendered":"<h1>O SNA avisa que a reforma trabalhista entra em regime de urg\u00eancia e chama os associados a participar da AGE, para defender a categoria<\/h1>\n<p>Veja a nota:<\/p>\n<p>&#8220;Um dia depois de sofrer derrota, a base de apoio do governo federal colocou novamente em vota\u00e7\u00e3o \u2015e desta vez aprovou\u2015 o requerimento de urg\u00eancia para a tramita\u00e7\u00e3o da Reforma Trabalhista, na noite de quarta-feira (19).<\/p>\n<p>O Sindicato Nacional dos Aeronautas mais uma vez alerta os tripulantes de todo o pa\u00eds sobre os enormes riscos \u00e0 profiss\u00e3o trazidos por esse projeto e convoca a todos para as assembleias do pr\u00f3ximo dia 24, que v\u00e3o deliberar inclusive sobre uma poss\u00edvel paralisa\u00e7\u00e3o da categoria \u2015confira o edital com hor\u00e1rios e endere\u00e7os: <a href=\"https:\/\/goo.gl\/Bn2LVp\" target=\"_blank\" rel=\"alternate\">https:\/\/goo.gl\/Bn2LVp<\/a>.<\/p>\n<p>O texto substitutivo da Reforma Trabalhista, apresentado na \u00faltima quinta-feira (13), altera 117 artigos da CLT (Consolida\u00e7\u00e3o das Leis do Trabalho) e representa potencialmente uma precariza\u00e7\u00e3o sem precedentes para a profiss\u00e3o de pilotos e comiss\u00e1rios, afetando inclusive a seguran\u00e7a de voo.<\/p>\n<p>Agora, com a aprova\u00e7\u00e3o do regime de urg\u00eancia, o tempo para atua\u00e7\u00e3o no campo negocial e de discuss\u00f5es ficou ainda menor \u2015a mat\u00e9ria poder\u00e1 ir a plen\u00e1rio na C\u00e2mara j\u00e1 na semana que vem.<\/p>\n<p>O SNA, juntamente com a categoria, atuou intensamente durante a ter\u00e7a e a quarta-feira para conscientizar deputados, inclusive o relator do projeto e o presidente da comiss\u00e3o especial, sobre as necessidades espec\u00edficas dos pilotos e comiss\u00e1rios.<\/p>\n<p>Gra\u00e7as a esses esfor\u00e7os, os deputados Jer\u00f4nimo Goergen (PP-RS) e Goulart (PSD-SP) apresentaram emendas ao projeto que ser\u00e1 apreciado pelo plen\u00e1rio. As emendas pretendem proteger os aeronautas em temas como:<\/p>\n<p>&#8211; Combate \u00e0 possibilidade de trabalho intermitente, ou seja, em que a empresa poderia chamar o contratado para trabalhos espor\u00e1dicos e pagar apenas por trabalho realizado;<br \/>\n&#8211; Combate \u00e0 possibilidade de demiss\u00e3o por justa causa de quem perder CMA ou for reprovado em exame de revalida\u00e7\u00e3o;<br \/>\n&#8211; Combate ao fim da ultratividade de Conven\u00e7\u00f5es Coletivas, o que faria com que as CCTs ficassem nulas logo ap\u00f3s o fim se sua vig\u00eancia, pondo em risco uma s\u00e9rie de direitos;<br \/>\n&#8211; Combate \u00e0 extin\u00e7\u00e3o da obriga\u00e7\u00e3o de negocia\u00e7\u00e3o pr\u00e9via com sindicato antes de demiss\u00f5es em massa.<\/p>\n<p>Mais uma vez, o SNA convoca a todos para as assembleias que ir\u00e3o definir o caminho a ser adotado pelos aeronautas e a possibilidade de greve, no dia 24 de abril em S\u00e3o Paulo, Rio de Janeiro, Bras\u00edlia e Porto Alegre.<\/p>\n<p>Participe e fa\u00e7a sua parte.&#8221;<\/p>\n<p>&nbsp;<\/p>\n<p>&nbsp;<\/p>\n","protected":false},"excerpt":{"rendered":"<p>O SNA avisa que a reforma trabalhista entra em regime de urg\u00eancia e chama os associados a participar da AGE, para defender a categoria Veja a nota: &#8220;Um dia depois de sofrer derrota, a base de apoio do governo federal colocou novamente em vota\u00e7\u00e3o \u2015e desta vez aprovou\u2015 o requerimento de urg\u00eancia para a tramita\u00e7\u00e3o da Reforma Trabalhista, na noite [&hellip;]<\/p>\n","protected":false},"author":27,"featured_media":0,"comment_status":"open","ping_status":"closed","sticky":false,"template":"","format":"standard","meta":{"footnotes":""},"categories":[2719],"tags":[5651,387,5949,792,979,2272,517,2907,15,516,2961,711,2325,2399,208,5872,2157,6159,1960,4885],"class_list":["post-5158","post","type-post","status-publish","format-standard","hentry","category-servidor","tag-28-de-abril","tag-aeronautas","tag-age","tag-apoio","tag-associados","tag-clt","tag-comissarios","tag-geral","tag-greve","tag-pilotos","tag-precarizacao","tag-reforma","tag-regime","tag-riscos","tag-seguranca","tag-sna","tag-trabalhista","tag-tripulantes","tag-urgencia","tag-voo"],"_links":{"self":[{"href":"https:\/\/blogs.correiobraziliense.com.br\/servidor\/wp-json\/wp\/v2\/posts\/5158","targetHints":{"allow":["GET"]}}],"collection":[{"href":"https:\/\/blogs.correiobraziliense.com.br\/servidor\/wp-json\/wp\/v2\/posts"}],"about":[{"href":"https:\/\/blogs.correiobraziliense.com.br\/servidor\/wp-json\/wp\/v2\/types\/post"}],"author":[{"embeddable":true,"href":"https:\/\/blogs.correiobraziliense.com.br\/servidor\/wp-json\/wp\/v2\/users\/27"}],"replies":[{"embeddable":true,"href":"https:\/\/blogs.correiobraziliense.com.br\/servidor\/wp-json\/wp\/v2\/comments?post=5158"}],"version-history":[{"count":2,"href":"https:\/\/blogs.correiobraziliense.com.br\/servidor\/wp-json\/wp\/v2\/posts\/5158\/revisions"}],"predecessor-version":[{"id":5164,"href":"https:\/\/blogs.correiobraziliense.com.br\/servidor\/wp-json\/wp\/v2\/posts\/5158\/revisions\/5164"}],"wp:attachment":[{"href":"https:\/\/blogs.correiobraziliense.com.br\/servidor\/wp-json\/wp\/v2\/media?parent=5158"}],"wp:term":[{"taxonomy":"category","embeddable":true,"href":"https:\/\/blogs.correiobraziliense.com.br\/servidor\/wp-json\/wp\/v2\/categories?post=5158"},{"taxonomy":"post_tag","embeddable":true,"href":"https:\/\/blogs.correiobraziliense.com.br\/servidor\/wp-json\/wp\/v2\/tags?post=5158"}],"curies":[{"name":"wp","href":"https:\/\/api.w.org\/{rel}","templated":true}]}}