{"id":5155,"date":"2017-04-23T08:01:25","date_gmt":"2017-04-23T11:01:25","guid":{"rendered":"https:\/\/blogs.correiobraziliense.com.br\/servidor\/?p=5155"},"modified":"2017-04-21T17:04:42","modified_gmt":"2017-04-21T20:04:42","slug":"lancamento-do-painel-de-precos-do-governo-federal","status":"publish","type":"post","link":"https:\/\/blogs.correiobraziliense.com.br\/servidor\/lancamento-do-painel-de-precos-do-governo-federal\/","title":{"rendered":"Lan\u00e7amento do Painel de Pre\u00e7os do Governo Federal"},"content":{"rendered":"<p>O Minist\u00e9rio do Planejamento, Desenvolvimento e Gest\u00e3o lan\u00e7ar\u00e1, na segunda-feira, dia 24, o Painel de Pre\u00e7os do Governo Federal. A cerim\u00f4nia ser\u00e1 \u00e0s 10h, no audit\u00f3rio do subsolo do Minist\u00e9rio do Planejamento, no Bloco K, da Esplanada dos Minist\u00e9rios.<\/p>\n<p>O lan\u00e7amento ser\u00e1 feito pelo ministro Dyogo Oliveira e pelo secret\u00e1rio de Gest\u00e3o do Minist\u00e9rio do Planejamento, Gleisson Rubin, e contar\u00e1 com a presen\u00e7a do ministro da Transpar\u00eancia, Fiscaliza\u00e7\u00e3o e Controladoria-Geral da Uni\u00e3o, Torquato Jardim, e do presidente do Tribunal de Contas da Uni\u00e3o, Raimundo Carrero.<\/p>\n<p>O Painel de Pre\u00e7os \u00e9 uma ferramenta que permite pesquisar, analisar e comparar os pre\u00e7os praticados pelo Governo Federal nas contrata\u00e7\u00f5es de materiais e servi\u00e7os. A ferramenta auxilia os gestores p\u00fablicos em pesquisa e cota\u00e7\u00e3o de pre\u00e7os, promove a transpar\u00eancia dos gastos p\u00fablicos e estimula controle social das compras feitas pelos \u00f3rg\u00e3os p\u00fablicos.<\/p>\n<p>Lan\u00e7amento do Painel de Pre\u00e7os do Governo Federal<\/p>\n<p>Dia: 24 de abril de 2017, segunda-feira<\/p>\n<p>Hora: 10h<\/p>\n<p>Local: Audit\u00f3rio do subsolo do Minist\u00e9rio do Planejamento, no Bloco K, da Esplanada dos Minist\u00e9rios<\/p>\n","protected":false},"excerpt":{"rendered":"<p>O Minist\u00e9rio do Planejamento, Desenvolvimento e Gest\u00e3o lan\u00e7ar\u00e1, na segunda-feira, dia 24, o Painel de Pre\u00e7os do Governo Federal. A cerim\u00f4nia ser\u00e1 \u00e0s 10h, no audit\u00f3rio do subsolo do Minist\u00e9rio do Planejamento, no Bloco K, da Esplanada dos Minist\u00e9rios. O lan\u00e7amento ser\u00e1 feito pelo ministro Dyogo Oliveira e pelo secret\u00e1rio de Gest\u00e3o do Minist\u00e9rio do Planejamento, Gleisson Rubin, e contar\u00e1 [&hellip;]<\/p>\n","protected":false},"author":27,"featured_media":0,"comment_status":"open","ping_status":"closed","sticky":false,"template":"","format":"standard","meta":{"footnotes":""},"categories":[2719],"tags":[2035,199,6151,1420,1169,1317,141,6150,187,24,635],"class_list":["post-5155","post","type-post","status-publish","format-standard","hentry","category-servidor","tag-cgu","tag-contratacoes","tag-cotacao","tag-ferramenta","tag-gastos","tag-lancamento","tag-ministerio-do-planejamento","tag-painel-de-precos-do-governo-federal","tag-pesquisa","tag-publicos","tag-tcu"],"_links":{"self":[{"href":"https:\/\/blogs.correiobraziliense.com.br\/servidor\/wp-json\/wp\/v2\/posts\/5155","targetHints":{"allow":["GET"]}}],"collection":[{"href":"https:\/\/blogs.correiobraziliense.com.br\/servidor\/wp-json\/wp\/v2\/posts"}],"about":[{"href":"https:\/\/blogs.correiobraziliense.com.br\/servidor\/wp-json\/wp\/v2\/types\/post"}],"author":[{"embeddable":true,"href":"https:\/\/blogs.correiobraziliense.com.br\/servidor\/wp-json\/wp\/v2\/users\/27"}],"replies":[{"embeddable":true,"href":"https:\/\/blogs.correiobraziliense.com.br\/servidor\/wp-json\/wp\/v2\/comments?post=5155"}],"version-history":[{"count":2,"href":"https:\/\/blogs.correiobraziliense.com.br\/servidor\/wp-json\/wp\/v2\/posts\/5155\/revisions"}],"predecessor-version":[{"id":5157,"href":"https:\/\/blogs.correiobraziliense.com.br\/servidor\/wp-json\/wp\/v2\/posts\/5155\/revisions\/5157"}],"wp:attachment":[{"href":"https:\/\/blogs.correiobraziliense.com.br\/servidor\/wp-json\/wp\/v2\/media?parent=5155"}],"wp:term":[{"taxonomy":"category","embeddable":true,"href":"https:\/\/blogs.correiobraziliense.com.br\/servidor\/wp-json\/wp\/v2\/categories?post=5155"},{"taxonomy":"post_tag","embeddable":true,"href":"https:\/\/blogs.correiobraziliense.com.br\/servidor\/wp-json\/wp\/v2\/tags?post=5155"}],"curies":[{"name":"wp","href":"https:\/\/api.w.org\/{rel}","templated":true}]}}