{"id":5147,"date":"2017-04-21T15:33:54","date_gmt":"2017-04-21T18:33:54","guid":{"rendered":"https:\/\/blogs.correiobraziliense.com.br\/servidor\/?p=5147"},"modified":"2017-04-21T15:33:54","modified_gmt":"2017-04-21T18:33:54","slug":"anfip-67-anos","status":"publish","type":"post","link":"https:\/\/blogs.correiobraziliense.com.br\/servidor\/anfip-67-anos\/","title":{"rendered":"Anfip &#8211; Anivers\u00e1rio de 67 anos"},"content":{"rendered":"<p><em>A Associa\u00e7\u00e3o Nacional de Auditores Fiscais da Receita Federal (Anfip) comemora 67 anos amanh\u00e3, 22 de abril, em um momento de profundas mudan\u00e7as pol\u00edticas e na estrutura do Estado<\/em><\/p>\n<p>&#8220;Nesse cen\u00e1rio, nos apresentamos, mais uma vez, como refer\u00eancia na defesa dos auditores fiscais da Receita Federal do Brasil e do bem-estar social. Essa \u00e9 a ess\u00eancia da Associa\u00e7\u00e3o. Com reconhecimento p\u00fablico e apoio dos associados, temos a certeza de que estamos no rumo certo. O caminho para uma sociedade livre, justa e igualit\u00e1ria&#8221;, destacou a Anfip.<\/p>\n<p>A entidade tem sido constantemente atacada por parlamentares que defendem a reforma da Previd\u00eancia, enviada ao Congresso pela equipe econ\u00f4mica do presidente Michel Temer, porque os sindicalistas contestam os c\u00e1lculos oficiais que apontam rombo nas contas previdenci\u00e1rias. De acordo com a Anfip, h\u00e1 saldo positivo desde 2006. Recentemente, deputados da situa\u00e7\u00e3o se queixaram com o chefe do Executivo. Querem, a todo custo, que a AGU processe a Anfip. Dizem que, com seus dados divergentes, a Anfip est\u00e1 dificultando a tramita\u00e7\u00e3o da PEC 287\/2016.<\/p>\n","protected":false},"excerpt":{"rendered":"<p>A Associa\u00e7\u00e3o Nacional de Auditores Fiscais da Receita Federal (Anfip) comemora 67 anos amanh\u00e3, 22 de abril, em um momento de profundas mudan\u00e7as pol\u00edticas e na estrutura do Estado &#8220;Nesse cen\u00e1rio, nos apresentamos, mais uma vez, como refer\u00eancia na defesa dos auditores fiscais da Receita Federal do Brasil e do bem-estar social. Essa \u00e9 a ess\u00eancia da Associa\u00e7\u00e3o. Com reconhecimento [&hellip;]<\/p>\n","protected":false},"author":27,"featured_media":0,"comment_status":"open","ping_status":"closed","sticky":false,"template":"","format":"standard","meta":{"footnotes":""},"categories":[2719],"tags":[157,771,898,31,100,56,12,376,4662,706,549,1157,294,711],"class_list":["post-5147","post","type-post","status-publish","format-standard","hentry","category-servidor","tag-agu","tag-anfip","tag-aniversario","tag-auditores","tag-congresso","tag-estado","tag-fiscais","tag-mudancas","tag-pec-2872016","tag-politicas","tag-previdencia","tag-processo","tag-receita-federal","tag-reforma"],"_links":{"self":[{"href":"https:\/\/blogs.correiobraziliense.com.br\/servidor\/wp-json\/wp\/v2\/posts\/5147","targetHints":{"allow":["GET"]}}],"collection":[{"href":"https:\/\/blogs.correiobraziliense.com.br\/servidor\/wp-json\/wp\/v2\/posts"}],"about":[{"href":"https:\/\/blogs.correiobraziliense.com.br\/servidor\/wp-json\/wp\/v2\/types\/post"}],"author":[{"embeddable":true,"href":"https:\/\/blogs.correiobraziliense.com.br\/servidor\/wp-json\/wp\/v2\/users\/27"}],"replies":[{"embeddable":true,"href":"https:\/\/blogs.correiobraziliense.com.br\/servidor\/wp-json\/wp\/v2\/comments?post=5147"}],"version-history":[{"count":1,"href":"https:\/\/blogs.correiobraziliense.com.br\/servidor\/wp-json\/wp\/v2\/posts\/5147\/revisions"}],"predecessor-version":[{"id":5148,"href":"https:\/\/blogs.correiobraziliense.com.br\/servidor\/wp-json\/wp\/v2\/posts\/5147\/revisions\/5148"}],"wp:attachment":[{"href":"https:\/\/blogs.correiobraziliense.com.br\/servidor\/wp-json\/wp\/v2\/media?parent=5147"}],"wp:term":[{"taxonomy":"category","embeddable":true,"href":"https:\/\/blogs.correiobraziliense.com.br\/servidor\/wp-json\/wp\/v2\/categories?post=5147"},{"taxonomy":"post_tag","embeddable":true,"href":"https:\/\/blogs.correiobraziliense.com.br\/servidor\/wp-json\/wp\/v2\/tags?post=5147"}],"curies":[{"name":"wp","href":"https:\/\/api.w.org\/{rel}","templated":true}]}}