{"id":5137,"date":"2017-04-20T17:58:04","date_gmt":"2017-04-20T20:58:04","guid":{"rendered":"https:\/\/blogs.correiobraziliense.com.br\/servidor\/?p=5137"},"modified":"2017-04-20T17:58:04","modified_gmt":"2017-04-20T20:58:04","slug":"trt10-determina-que-vigilantes-de-hospitais-e-bancos-retornem-imediatamente-trabalhar","status":"publish","type":"post","link":"https:\/\/blogs.correiobraziliense.com.br\/servidor\/trt10-determina-que-vigilantes-de-hospitais-e-bancos-retornem-imediatamente-trabalhar\/","title":{"rendered":"TRT10 determina que vigilantes de hospitais e bancos retornem imediatamente a trabalhar"},"content":{"rendered":"<div><em>Uma audi\u00eancia de concilia\u00e7\u00e3o foi marcada para o dia 27 de abril, pr\u00f3xima quinta-feira, \u00e0s 17 horas, na sala de sess\u00f5es da Primeira Turma, no edif\u00edcio sede do TRT10. Na ocasi\u00e3o, o Sindicato dos Empregados de Empresas de Seguran\u00e7a e Vigil\u00e2ncia do DF\u00a0 (Sindesp-DF) dever\u00e1 apresentar sua defesa no processo<\/em><\/div>\n<div><\/div>\n<div>O presidente do Tribunal Regional do Trabalho da 10\u00aa Regi\u00e3o (TRT10), desembargador Pedro Lu\u00eds Vicentin Foltran, determinou no in\u00edcio da tarde desta quinta-feira (20) o retorno imediato ao trabalho de todos os vigilantes de hospitais, bancos e transporte de valores. J\u00e1 com rela\u00e7\u00e3o aos demais postos de servi\u00e7os, dever\u00e1 ser mantido o contingente m\u00ednimo de 30%. Em caso de descumprimento da liminar, ser\u00e1 aplicada multa di\u00e1ria de R$ 100 mil.<\/div>\n<div><\/div>\n<div>A decis\u00e3o foi tomada nos autos de uma a\u00e7\u00e3o cautelar ajuizada pelo Sindicato das Empresas de Seguran\u00e7a Privada, Sistemas de Seguran\u00e7a Eletr\u00f4nica, Cursos de Forma\u00e7\u00e3o e Transportes de Valores no Distrito Federal (Sindesp-DF), em raz\u00e3o da greve deflagrada pela categoria no dia 18 de abril. Segundo o presidente do TRT10, a situa\u00e7\u00e3o exige que se imprima o equil\u00edbrio entre o direito constitucional \u00e0 greve com a presta\u00e7\u00e3o de servi\u00e7os essenciais de forma segura, sem qualquer amea\u00e7a a outros direitos garantidos pela lei.<\/div>\n<div><\/div>\n<div>\u201cN\u00e3o se pode ignorar o direito de greve previsto no art. 9\u00ba, \u00a7 1\u00ba, da Constitui\u00e7\u00e3o Federal, que deve, contudo, ser sopesado com as peculiaridades do sistema de vigil\u00e2ncia e da sua condi\u00e7\u00e3o de servi\u00e7o essencial para o atendimento da popula\u00e7\u00e3o, notadamente considerando o quadro da seguran\u00e7a p\u00fablica e, em especial, diante da atua\u00e7\u00e3o desses profissionais em hospitais p\u00fablicos e privados, no transporte de valores e na atual demanda nas ag\u00eancias banc\u00e1rias, mormente no que se refere \u00e0 movimenta\u00e7\u00e3o do saldo das contas inativas do FGTS\u201d, afirmou o desembargador na decis\u00e3o.<\/div>\n<div><\/div>\n<div>Processo n\u00ba 0000187-14.2017.5.10.000 (PJe-JT)<\/div>\n<div><\/div>\n","protected":false},"excerpt":{"rendered":"<p>Uma audi\u00eancia de concilia\u00e7\u00e3o foi marcada para o dia 27 de abril, pr\u00f3xima quinta-feira, \u00e0s 17 horas, na sala de sess\u00f5es da Primeira Turma, no edif\u00edcio sede do TRT10. Na ocasi\u00e3o, o Sindicato dos Empregados de Empresas de Seguran\u00e7a e Vigil\u00e2ncia do DF\u00a0 (Sindesp-DF) dever\u00e1 apresentar sua defesa no processo O presidente do Tribunal Regional do Trabalho da 10\u00aa Regi\u00e3o [&hellip;]<\/p>\n","protected":false},"author":27,"featured_media":0,"comment_status":"open","ping_status":"closed","sticky":false,"template":"","format":"standard","meta":{"footnotes":""},"categories":[2719],"tags":[744,3480,3348,15,3841,6139,405,6138,1379,6140,2697,5347,1812],"class_list":["post-5137","post","type-post","status-publish","format-standard","hentry","category-servidor","tag-bancos","tag-diaria","tag-essenciais","tag-greve","tag-hospitais","tag-imediatamente","tag-multa","tag-retornem","tag-servicos","tag-sindesp-df","tag-trabalhar","tag-trt10","tag-vigilantes"],"_links":{"self":[{"href":"https:\/\/blogs.correiobraziliense.com.br\/servidor\/wp-json\/wp\/v2\/posts\/5137","targetHints":{"allow":["GET"]}}],"collection":[{"href":"https:\/\/blogs.correiobraziliense.com.br\/servidor\/wp-json\/wp\/v2\/posts"}],"about":[{"href":"https:\/\/blogs.correiobraziliense.com.br\/servidor\/wp-json\/wp\/v2\/types\/post"}],"author":[{"embeddable":true,"href":"https:\/\/blogs.correiobraziliense.com.br\/servidor\/wp-json\/wp\/v2\/users\/27"}],"replies":[{"embeddable":true,"href":"https:\/\/blogs.correiobraziliense.com.br\/servidor\/wp-json\/wp\/v2\/comments?post=5137"}],"version-history":[{"count":1,"href":"https:\/\/blogs.correiobraziliense.com.br\/servidor\/wp-json\/wp\/v2\/posts\/5137\/revisions"}],"predecessor-version":[{"id":5138,"href":"https:\/\/blogs.correiobraziliense.com.br\/servidor\/wp-json\/wp\/v2\/posts\/5137\/revisions\/5138"}],"wp:attachment":[{"href":"https:\/\/blogs.correiobraziliense.com.br\/servidor\/wp-json\/wp\/v2\/media?parent=5137"}],"wp:term":[{"taxonomy":"category","embeddable":true,"href":"https:\/\/blogs.correiobraziliense.com.br\/servidor\/wp-json\/wp\/v2\/categories?post=5137"},{"taxonomy":"post_tag","embeddable":true,"href":"https:\/\/blogs.correiobraziliense.com.br\/servidor\/wp-json\/wp\/v2\/tags?post=5137"}],"curies":[{"name":"wp","href":"https:\/\/api.w.org\/{rel}","templated":true}]}}