{"id":5133,"date":"2017-04-20T13:53:22","date_gmt":"2017-04-20T16:53:22","guid":{"rendered":"https:\/\/blogs.correiobraziliense.com.br\/servidor\/?p=5133"},"modified":"2017-04-20T13:53:22","modified_gmt":"2017-04-20T16:53:22","slug":"caixa-ja-pagou-mais-de-r-15-bilhoes-das-contas-inativas-do-fgts","status":"publish","type":"post","link":"https:\/\/blogs.correiobraziliense.com.br\/servidor\/caixa-ja-pagou-mais-de-r-15-bilhoes-das-contas-inativas-do-fgts\/","title":{"rendered":"Caixa j\u00e1 pagou mais de R$ 15 bilh\u00f5es das contas inativas do FGTS"},"content":{"rendered":"<p>A Caixa Econ\u00f4mica Federal j\u00e1 pagou, at\u00e9 o dia 19 de abril, cerca de R$ 15,1 bilh\u00f5es para trabalhadores nascidos entre janeiro e maio beneficiados pela MP 763\/2016. O valor pago na primeira e segunda fase equivale a 83,2% do total inicialmente previsto (R$ 18,1 bilh\u00f5es) para as duas fases.<\/p>\n<p>O n\u00famero de trabalhadores que j\u00e1 sacaram os recursos das contas do Fundo referente \u00e0 MP 763\/2016 superou 9,5 milh\u00f5es e representa 76% das 12,5 milh\u00f5es de pessoas nascidas no per\u00edodo.<\/p>\n<p>A MP 763\/216 engloba 30,2 milh\u00f5es de trabalhadores, e saldo total de R$ 43,6 bilh\u00f5es.<\/p>\n","protected":false},"excerpt":{"rendered":"<p>A Caixa Econ\u00f4mica Federal j\u00e1 pagou, at\u00e9 o dia 19 de abril, cerca de R$ 15,1 bilh\u00f5es para trabalhadores nascidos entre janeiro e maio beneficiados pela MP 763\/2016. O valor pago na primeira e segunda fase equivale a 83,2% do total inicialmente previsto (R$ 18,1 bilh\u00f5es) para as duas fases. O n\u00famero de trabalhadores que j\u00e1 sacaram os recursos das [&hellip;]<\/p>\n","protected":false},"author":27,"featured_media":0,"comment_status":"open","ping_status":"closed","sticky":false,"template":"","format":"standard","meta":{"footnotes":""},"categories":[2719],"tags":[1752,960,1149,2278,685,5016,6136,19],"class_list":["post-5133","post","type-post","status-publish","format-standard","hentry","category-servidor","tag-beneficiados","tag-bilhoes","tag-caixa","tag-contas","tag-fgts","tag-inativas","tag-pagou","tag-trabalhadores"],"_links":{"self":[{"href":"https:\/\/blogs.correiobraziliense.com.br\/servidor\/wp-json\/wp\/v2\/posts\/5133","targetHints":{"allow":["GET"]}}],"collection":[{"href":"https:\/\/blogs.correiobraziliense.com.br\/servidor\/wp-json\/wp\/v2\/posts"}],"about":[{"href":"https:\/\/blogs.correiobraziliense.com.br\/servidor\/wp-json\/wp\/v2\/types\/post"}],"author":[{"embeddable":true,"href":"https:\/\/blogs.correiobraziliense.com.br\/servidor\/wp-json\/wp\/v2\/users\/27"}],"replies":[{"embeddable":true,"href":"https:\/\/blogs.correiobraziliense.com.br\/servidor\/wp-json\/wp\/v2\/comments?post=5133"}],"version-history":[{"count":1,"href":"https:\/\/blogs.correiobraziliense.com.br\/servidor\/wp-json\/wp\/v2\/posts\/5133\/revisions"}],"predecessor-version":[{"id":5134,"href":"https:\/\/blogs.correiobraziliense.com.br\/servidor\/wp-json\/wp\/v2\/posts\/5133\/revisions\/5134"}],"wp:attachment":[{"href":"https:\/\/blogs.correiobraziliense.com.br\/servidor\/wp-json\/wp\/v2\/media?parent=5133"}],"wp:term":[{"taxonomy":"category","embeddable":true,"href":"https:\/\/blogs.correiobraziliense.com.br\/servidor\/wp-json\/wp\/v2\/categories?post=5133"},{"taxonomy":"post_tag","embeddable":true,"href":"https:\/\/blogs.correiobraziliense.com.br\/servidor\/wp-json\/wp\/v2\/tags?post=5133"}],"curies":[{"name":"wp","href":"https:\/\/api.w.org\/{rel}","templated":true}]}}