{"id":5131,"date":"2017-04-20T11:03:31","date_gmt":"2017-04-20T14:03:31","guid":{"rendered":"https:\/\/blogs.correiobraziliense.com.br\/servidor\/?p=5131"},"modified":"2017-04-20T11:03:31","modified_gmt":"2017-04-20T14:03:31","slug":"sinprofaz-lanca-cartilha-sobre-reforma-da-previdencia","status":"publish","type":"post","link":"https:\/\/blogs.correiobraziliense.com.br\/servidor\/sinprofaz-lanca-cartilha-sobre-reforma-da-previdencia\/","title":{"rendered":"Sinprofaz lan\u00e7a cartilha sobre reforma da Previd\u00eancia"},"content":{"rendered":"<p>O Sindicato Nacional dos Procuradores da Fazenda Nacional (Sinprofaz) lan\u00e7ou ontem (19) a cartilha \u201cA PEC 287\/16 \u2013 Trabalhar mais, ganhar menos\u201d. O documento trata das mudan\u00e7as na aposentadoria do trabalhador privado e do servidor p\u00fablico que devem ocorrer a partir da reforma da Previd\u00eancia proposta pelo governo federal. A cartilha revela as principais altera\u00e7\u00f5es que a PEC 287\/16 promove na Previd\u00eancia e na Assist\u00eancia Social, faz um paralelo entre o sistema contributivo no Brasil e em outros pa\u00edses e explica como se d\u00e1 a fabrica\u00e7\u00e3o do \u201cd\u00e9ficit\u201d.<\/p>\n<p>Segundo o Sinprofaz, a cartilha publicada \u00e9 um dos poucos documentos \u2013 sen\u00e3o o \u00fanico \u2013 que aborda todos os aspectos da reforma: legais e constitucionais, administrativos, financeiros e atuariais, em perspectiva nacional e internacional. &#8220;Serve, assim, n\u00e3o somente como instrumento de informa\u00e7\u00e3o e esclarecimento, mas como meio de conscientiza\u00e7\u00e3o e mobiliza\u00e7\u00e3o dos que ser\u00e3o afetados pela reforma, hoje e no futuro&#8221;, destaca o sindicato.<\/p>\n<p><a href=\"http:\/\/www.sinprofaz.org.br\/pdfs\/cartilha-pec-287.pdf\" target=\"_blank\">Acesse aqui\u00a0a cartilha \u201cA PEC 287\/16 \u2013 Trabalhar mais, ganhar menos\u201d<\/a>.<\/p>\n","protected":false},"excerpt":{"rendered":"<p>O Sindicato Nacional dos Procuradores da Fazenda Nacional (Sinprofaz) lan\u00e7ou ontem (19) a cartilha \u201cA PEC 287\/16 \u2013 Trabalhar mais, ganhar menos\u201d. O documento trata das mudan\u00e7as na aposentadoria do trabalhador privado e do servidor p\u00fablico que devem ocorrer a partir da reforma da Previd\u00eancia proposta pelo governo federal. A cartilha revela as principais altera\u00e7\u00f5es que a PEC 287\/16 promove [&hellip;]<\/p>\n","protected":false},"author":27,"featured_media":0,"comment_status":"open","ping_status":"closed","sticky":false,"template":"","format":"standard","meta":{"footnotes":""},"categories":[2719],"tags":[2448,549,711,6135],"class_list":["post-5131","post","type-post","status-publish","format-standard","hentry","category-servidor","tag-cartilha","tag-previdencia","tag-reforma","tag-simnprofaz"],"_links":{"self":[{"href":"https:\/\/blogs.correiobraziliense.com.br\/servidor\/wp-json\/wp\/v2\/posts\/5131","targetHints":{"allow":["GET"]}}],"collection":[{"href":"https:\/\/blogs.correiobraziliense.com.br\/servidor\/wp-json\/wp\/v2\/posts"}],"about":[{"href":"https:\/\/blogs.correiobraziliense.com.br\/servidor\/wp-json\/wp\/v2\/types\/post"}],"author":[{"embeddable":true,"href":"https:\/\/blogs.correiobraziliense.com.br\/servidor\/wp-json\/wp\/v2\/users\/27"}],"replies":[{"embeddable":true,"href":"https:\/\/blogs.correiobraziliense.com.br\/servidor\/wp-json\/wp\/v2\/comments?post=5131"}],"version-history":[{"count":1,"href":"https:\/\/blogs.correiobraziliense.com.br\/servidor\/wp-json\/wp\/v2\/posts\/5131\/revisions"}],"predecessor-version":[{"id":5132,"href":"https:\/\/blogs.correiobraziliense.com.br\/servidor\/wp-json\/wp\/v2\/posts\/5131\/revisions\/5132"}],"wp:attachment":[{"href":"https:\/\/blogs.correiobraziliense.com.br\/servidor\/wp-json\/wp\/v2\/media?parent=5131"}],"wp:term":[{"taxonomy":"category","embeddable":true,"href":"https:\/\/blogs.correiobraziliense.com.br\/servidor\/wp-json\/wp\/v2\/categories?post=5131"},{"taxonomy":"post_tag","embeddable":true,"href":"https:\/\/blogs.correiobraziliense.com.br\/servidor\/wp-json\/wp\/v2\/tags?post=5131"}],"curies":[{"name":"wp","href":"https:\/\/api.w.org\/{rel}","templated":true}]}}