{"id":5117,"date":"2017-04-19T16:22:13","date_gmt":"2017-04-19T19:22:13","guid":{"rendered":"https:\/\/blogs.correiobraziliense.com.br\/servidor\/?p=5117"},"modified":"2017-04-19T16:22:13","modified_gmt":"2017-04-19T19:22:13","slug":"temer-reforma-da-previdencia-foi-pautada-pelo-dialogo-e-medidas-nao-vao-prejudicar-os-mais-pobres","status":"publish","type":"post","link":"https:\/\/blogs.correiobraziliense.com.br\/servidor\/temer-reforma-da-previdencia-foi-pautada-pelo-dialogo-e-medidas-nao-vao-prejudicar-os-mais-pobres\/","title":{"rendered":"Temer- reforma da Previd\u00eancia foi pautada pelo di\u00e1logo e medidas n\u00e3o v\u00e3o prejudicar os mais pobres"},"content":{"rendered":"<p>Transcri\u00e7\u00e3o do \u00e1udio da entrevista do presidente da Rep\u00fablica<\/p>\n<p><strong>LOCUTOR:<\/strong> O presidente da Rep\u00fablica, Michel Temer, considera que as mudan\u00e7as no texto da reforma da Previd\u00eancia resultam do di\u00e1logo permanente do governo com o Congresso. \/\/ Segundo o presidente, \u201cfoi o di\u00e1logo do Executivo, do relator, do presidente da comiss\u00e3o, de todos da comiss\u00e3o, com as bancadas partid\u00e1rias\u201d. \/\/<\/p>\n<p>&nbsp;<\/p>\n<p><strong>SONORA (Presidente Michel Temer-1):<\/strong> \u201cA reforma da Previd\u00eancia tem um n\u00facleo essencial que \u00e9 o n\u00facleo da idade, um n\u00facleo da idade, um pouco mais, um pouco menos, n\u00e3o importa, mas \u00e9 algo que foi estabelecido em todos os pa\u00edses. Hoje, voc\u00ea pega a rela\u00e7\u00e3o dos pa\u00edses e verifica que quatro ou cinco n\u00e3o t\u00eam uma idade de 63, 65 anos, n\u00e3o \u00e9? Todos t\u00eam mais&#8230;65 ou mais anos pela frente. Este \u00e9 o n\u00facleo, a espinha dorsal da reforma da Previd\u00eancia. O mais pode ser negociado \u2014 e foi negociado! O relator vai mostrar como foi negociado, e portanto, hoje, na verdade, votar a reforma da Previd\u00eancia e votar uma reforma, mais uma vez, pautada pelo di\u00e1logo. \/\/ (42\u201d)<\/p>\n<p>&nbsp;<\/p>\n<p><strong>LOCUTOR: <\/strong>O presidente afirmou, ainda, que \u00e9 sempre importante destacar que a reforma da Previd\u00eancia n\u00e3o vai atingir os mais pobres. \/\/ Michel Temer assinalou que os que mais criticam a reforma \u201cs\u00e3o os mais poderosos, os que ganham mais&#8221;. \/\/<\/p>\n<p>&nbsp;<\/p>\n<p><strong>SONORA (Presidente Michel Temer-2):<\/strong> \u201cNingu\u00e9m quer fazer mal para o Pa\u00eds. Muitas vezes, dizem assim \u201c\u00e9, mas essa reforma da Previd\u00eancia vai pegar os pobres \u2014 usando uma palavra forte! Mentira; mentira porque 63% do povo brasileiro ganham sal\u00e1rio m\u00ednimo. Portanto, n\u00e3o vai atingir os pobres; os que resistem e fazem campanha s\u00e3o os mais poderosos, s\u00e3o aqueles que ganham mais. N\u00f3s temos que dar uma resposta a isso e a resposta vem sendo dada, em primeiro lugar, por uma medida, por uma proposta que n\u00f3s fizemos, realmente, pensando em 40 anos para o Pa\u00eds. \/\/ (36\u201d)<\/p>\n<p>&nbsp;<\/p>\n<p><strong>LOCUTOR:<\/strong> O presidente observou, ainda, que como resultaram de um processo de di\u00e1logo, as sugest\u00f5es de aperfei\u00e7oamento do texto, feitas pelo relator, n\u00e3o alteram o que chamou de \u201ca espinha dorsal\u201d da proposta enviada pelo governo ao Congresso Nacional no ano passado. \/\/\/<\/p>\n<p><strong>\u00a0<\/strong><\/p>\n<p><strong>Departamento de Rela\u00e7\u00f5es com a Imprensa Regional<\/strong><\/p>\n<p><strong>Secretaria Especial de Comunica\u00e7\u00e3o Social \/ Secretaria de Imprensa<\/strong><\/p>\n","protected":false},"excerpt":{"rendered":"<p>Transcri\u00e7\u00e3o do \u00e1udio da entrevista do presidente da Rep\u00fablica LOCUTOR: O presidente da Rep\u00fablica, Michel Temer, considera que as mudan\u00e7as no texto da reforma da Previd\u00eancia resultam do di\u00e1logo permanente do governo com o Congresso. \/\/ Segundo o presidente, \u201cfoi o di\u00e1logo do Executivo, do relator, do presidente da comiss\u00e3o, de todos da comiss\u00e3o, com as bancadas partid\u00e1rias\u201d. \/\/ &nbsp; [&hellip;]<\/p>\n","protected":false},"author":27,"featured_media":0,"comment_status":"open","ping_status":"closed","sticky":false,"template":"","format":"standard","meta":{"footnotes":""},"categories":[2719],"tags":[4239,100,1133,2054,1578,2474,376,2369,3087,549,711],"class_list":["post-5117","post","type-post","status-publish","format-standard","hentry","category-servidor","tag-aperfeicoamentos","tag-congresso","tag-dialogo","tag-idade","tag-medidas","tag-michel-temer","tag-mudancas","tag-pobres","tag-prejudicar","tag-previdencia","tag-reforma"],"_links":{"self":[{"href":"https:\/\/blogs.correiobraziliense.com.br\/servidor\/wp-json\/wp\/v2\/posts\/5117","targetHints":{"allow":["GET"]}}],"collection":[{"href":"https:\/\/blogs.correiobraziliense.com.br\/servidor\/wp-json\/wp\/v2\/posts"}],"about":[{"href":"https:\/\/blogs.correiobraziliense.com.br\/servidor\/wp-json\/wp\/v2\/types\/post"}],"author":[{"embeddable":true,"href":"https:\/\/blogs.correiobraziliense.com.br\/servidor\/wp-json\/wp\/v2\/users\/27"}],"replies":[{"embeddable":true,"href":"https:\/\/blogs.correiobraziliense.com.br\/servidor\/wp-json\/wp\/v2\/comments?post=5117"}],"version-history":[{"count":1,"href":"https:\/\/blogs.correiobraziliense.com.br\/servidor\/wp-json\/wp\/v2\/posts\/5117\/revisions"}],"predecessor-version":[{"id":5118,"href":"https:\/\/blogs.correiobraziliense.com.br\/servidor\/wp-json\/wp\/v2\/posts\/5117\/revisions\/5118"}],"wp:attachment":[{"href":"https:\/\/blogs.correiobraziliense.com.br\/servidor\/wp-json\/wp\/v2\/media?parent=5117"}],"wp:term":[{"taxonomy":"category","embeddable":true,"href":"https:\/\/blogs.correiobraziliense.com.br\/servidor\/wp-json\/wp\/v2\/categories?post=5117"},{"taxonomy":"post_tag","embeddable":true,"href":"https:\/\/blogs.correiobraziliense.com.br\/servidor\/wp-json\/wp\/v2\/tags?post=5117"}],"curies":[{"name":"wp","href":"https:\/\/api.w.org\/{rel}","templated":true}]}}