{"id":5107,"date":"2017-04-19T14:42:15","date_gmt":"2017-04-19T17:42:15","guid":{"rendered":"https:\/\/blogs.correiobraziliense.com.br\/servidor\/?p=5107"},"modified":"2017-04-19T14:42:15","modified_gmt":"2017-04-19T17:42:15","slug":"poderosos-resistem","status":"publish","type":"post","link":"https:\/\/blogs.correiobraziliense.com.br\/servidor\/poderosos-resistem\/","title":{"rendered":"\u201cPoderosos resistem\u201d"},"content":{"rendered":"<p><strong>JULIA CHAIB<\/strong><\/p>\n<p>Como parte da ofensiva para angariar votos, o presidente Michel Temer disse, em discurso a deputados da base aliada, que \u00e9 uma \u201cmentira\u201d a tese de que a reforma da Previd\u00eancia prejudicar\u00e1 os mais pobres, e justificou as flexibiliza\u00e7\u00f5es feitas no texto. Segundo o presidente, \u201cningu\u00e9m quer fazer mal ao pa\u00eds\u201d e afirmou que os mais resistentes \u00e0s mudan\u00e7as propostas s\u00e3o os \u201cmais poderosos\u201d. As falas de Temer ocorreram em um caf\u00e9 da manh\u00e3 no Pal\u00e1cio da Alvorada, oferecido a deputados da base aliada e ministros para explicar os pontos alterados na reforma.<\/p>\n<p>Temer rebateu cr\u00edticas recorrentes ao projeto. \u201cMuitas vezes, dizem assim, &#8216;mas essa reforma da Previd\u00eancia vai pegar os pobres&#8217;. Vou usar uma palavra forte: mentira. Mentira, porque 63% do povo brasileiro ganha sal\u00e1rio m\u00ednimo, portanto, n\u00e3o vai atingir os pobres\u201d, afirmou. \u201cOs que resistem e fazem campanha s\u00e3o os mais poderosos. S\u00e3o aqueles que ganham mais. Temos que dar uma resposta a isso\u201d, continuou.<\/p>\n<p>Segundo o presidente, a reforma foi pensada para ter impacto nos pr\u00f3ximos 40 anos, e, desde que foi proposta, sabia-se que o \u201cdi\u00e1logo com o Congresso seria indispens\u00e1vel\u201d. Temer ressaltou que as mudan\u00e7as no texto foram feitas ap\u00f3s serem ouvidas todas as bancadas, justamente para considerar a opini\u00e3o dos parlamentares. De acordo com ele, aceitou-se negociar os pontos que n\u00e3o alterassem a idade m\u00ednima de 65 anos, que seria o ponto principal da proposta. O presidente, por\u00e9m, n\u00e3o comentou a redu\u00e7\u00e3o da idade m\u00ednima das mulheres para 62 anos. \u201cEssa (a idade m\u00ednima) \u00e9 a espinha dorsal, o n\u00facleo da reforma da Previd\u00eancia. O mais pode ser negociado. E foi negociado\u201d, disse.<\/p>\n<p>Temer buscou refor\u00e7ar a import\u00e2ncia do Legislativo no trabalho conjunto com o Executivo para aprova\u00e7\u00e3o das principais reformas. Al\u00e9m de explicar \u00e0 base os pontos da reforma, o governo veicular\u00e1 duas pe\u00e7as publicit\u00e1rias na tev\u00ea e nas redes sociais com dois v\u00eddeos defendendo a proposta.<\/p>\n<p>Em um dos v\u00eddeos, a reforma \u00e9 comparada a outras medidas que sofreram resist\u00eancia inicial, mas depois passaram a ser consideradas boas., como o uso obrigat\u00f3rio do cinto de seguran\u00e7a, a revolta da vacina, em 1994, a privatiza\u00e7\u00e3o da telefonia, em 1998, ao Plano Real. \u201cSem ela, o Brasil pode quebrar\u201d, diz a pe\u00e7a publicit\u00e1ria.<\/p>\n","protected":false},"excerpt":{"rendered":"<p>JULIA CHAIB Como parte da ofensiva para angariar votos, o presidente Michel Temer disse, em discurso a deputados da base aliada, que \u00e9 uma \u201cmentira\u201d a tese de que a reforma da Previd\u00eancia prejudicar\u00e1 os mais pobres, e justificou as flexibiliza\u00e7\u00f5es feitas no texto. Segundo o presidente, \u201cningu\u00e9m quer fazer mal ao pa\u00eds\u201d e afirmou que os mais resistentes \u00e0s [&hellip;]<\/p>\n","protected":false},"author":27,"featured_media":0,"comment_status":"open","ping_status":"closed","sticky":false,"template":"","format":"standard","meta":{"footnotes":""},"categories":[2719],"tags":[9,10,6102,2474,4744,2369,6100,549,1001,711,6101,1043,6103,6105,6104],"class_list":["post-5107","post","type-post","status-publish","format-standard","hentry","category-servidor","tag-executivo","tag-legislativo","tag-lvideos","tag-michel-temer","tag-plano-real","tag-pobres","tag-poderosos","tag-previdencia","tag-privatizacao","tag-reforma","tag-resistem","tag-resistencia","tag-sinto-de-seguranca","tag-telefonia","tag-vacina"],"_links":{"self":[{"href":"https:\/\/blogs.correiobraziliense.com.br\/servidor\/wp-json\/wp\/v2\/posts\/5107","targetHints":{"allow":["GET"]}}],"collection":[{"href":"https:\/\/blogs.correiobraziliense.com.br\/servidor\/wp-json\/wp\/v2\/posts"}],"about":[{"href":"https:\/\/blogs.correiobraziliense.com.br\/servidor\/wp-json\/wp\/v2\/types\/post"}],"author":[{"embeddable":true,"href":"https:\/\/blogs.correiobraziliense.com.br\/servidor\/wp-json\/wp\/v2\/users\/27"}],"replies":[{"embeddable":true,"href":"https:\/\/blogs.correiobraziliense.com.br\/servidor\/wp-json\/wp\/v2\/comments?post=5107"}],"version-history":[{"count":1,"href":"https:\/\/blogs.correiobraziliense.com.br\/servidor\/wp-json\/wp\/v2\/posts\/5107\/revisions"}],"predecessor-version":[{"id":5108,"href":"https:\/\/blogs.correiobraziliense.com.br\/servidor\/wp-json\/wp\/v2\/posts\/5107\/revisions\/5108"}],"wp:attachment":[{"href":"https:\/\/blogs.correiobraziliense.com.br\/servidor\/wp-json\/wp\/v2\/media?parent=5107"}],"wp:term":[{"taxonomy":"category","embeddable":true,"href":"https:\/\/blogs.correiobraziliense.com.br\/servidor\/wp-json\/wp\/v2\/categories?post=5107"},{"taxonomy":"post_tag","embeddable":true,"href":"https:\/\/blogs.correiobraziliense.com.br\/servidor\/wp-json\/wp\/v2\/tags?post=5107"}],"curies":[{"name":"wp","href":"https:\/\/api.w.org\/{rel}","templated":true}]}}