{"id":5096,"date":"2017-04-19T13:09:50","date_gmt":"2017-04-19T16:09:50","guid":{"rendered":"https:\/\/blogs.correiobraziliense.com.br\/servidor\/?p=5096"},"modified":"2017-04-19T13:09:50","modified_gmt":"2017-04-19T16:09:50","slug":"cutvox-populi-cai-interesse-pela-lava-jato","status":"publish","type":"post","link":"https:\/\/blogs.correiobraziliense.com.br\/servidor\/cutvox-populi-cai-interesse-pela-lava-jato\/","title":{"rendered":"CUT\/VOX POPULI: Cai interesse pela Lava Jato"},"content":{"rendered":"<p><em>Para 68% dos entrevistados, procuradores erraram ao acusar Lula sem provas<\/em><\/p>\n<p>Pesquisa CUT\/Vox Populi mostra que est\u00e1 caindo o interesse dos brasileiros pela Opera\u00e7\u00e3o Lava Jato e aumentando o percentual de pessoas que acham que Lula e os petistas s\u00e3o perseguidos pelos procuradores, informa a pesquisa.<\/p>\n<p>Entre novembro de 2015 e abril deste ano, caiu de 44% para 25% o percentual de brasileiros que se interessavam muito pela Lava Jato no inicio e continuam muito interessados. O percentual dos que se interessavam muito, mas agora acompanham com pouco interesse ficou est\u00e1vel, variou de 19% para 18%, no mesmo per\u00edodo. E o percentual dos que nunca tiveram interesse aumentou de 13% para 22%, destaca o estudo.<\/p>\n<p>&#8220;Depois de tr\u00eas anos de manchetes sensacionalistas, vazamentos seletivos, muita distor\u00e7\u00e3o e persegui\u00e7\u00e3o a Lula, os brasileiros come\u00e7am a perder o interesse pela Opera\u00e7\u00e3o Lava Jato&#8221;, constata o documento.<\/p>\n<p>Para Marcos Coimbra, diretor do Vox Populi, os te\u00f3ricos e estudiosos da comunica\u00e7\u00e3o de massas, que acreditavam ser mais f\u00e1cil manipular aqueles que se informam apenas por meio da m\u00eddia tradicional \u2013 jornais e revistas, televis\u00e3o e r\u00e1dio \u2013, precisam revisar seus conceitos. \u201cHoje, com as redes sociais e os blogues progressistas, as pessoas se informam por meio de diversas fontes. Enganam-se aqueles que acham que podem manipular a not\u00edcia como no passado\u201d, diz.<\/p>\n<p>Segundo ele, o povo come\u00e7a a perceber a manipula\u00e7\u00e3o, o espet\u00e1culo midi\u00e1tico, o excesso de not\u00edcias e tratamento diferenciado dado aos pol\u00edticos delatados na Opera\u00e7\u00e3o lava Jato.<\/p>\n<p><strong>Lula n\u00e3o \u00e9 culpado e procuradores n\u00e3o s\u00e3o isentos nem justos<\/strong><\/p>\n<p>Caiu de 55% para 49%, entre dezembro do ano passado e abril deste ano, o percentual de brasileiros que acham que Lula \u00e9 culpado; e aumentou de 28% para 34% o dos que acham que Lula n\u00e3o \u00e9 culpado. Apenas 17% n\u00e3o responderam, assinala a pesquisa.<\/p>\n<p>Mais pessoas tamb\u00e9m est\u00e3o tendo a percep\u00e7\u00e3o de que os procuradores atacam mais Lula e os petistas e de que n\u00e3o s\u00e3o justos: de 37% em dezembro para 42% em abril.\u00a0 At\u00e9 entre os que consideram os procuradores justos, que tratam todos os pol\u00edticos da mesma maneira, a ades\u00e3o aos m\u00e9todos da Lava Jato vem caindo: Em dezembro, 51% acreditavam na justi\u00e7a e isen\u00e7\u00e3o da For\u00e7a Tarefa, em abril eram 45%, refor\u00e7a o levantamento.<\/p>\n<p><strong>Mais brasileiros querem que procuradores provem antes de acusar<\/strong><\/p>\n<p>Para 68%, os procuradores erraram ao acusar o ex-presidente sem provar que ele cometeu algum crime. \u00c9 importante destacar que 92% dos entrevistados ficaram sabendo que Lula foi indiciado pelos procuradores da Lava Jato.<\/p>\n<p>Mesmo entre os que acham certo acusar Lula sem provas est\u00e1 caindo a aprova\u00e7\u00e3o ao modo de atuar da For\u00e7a Tarefa da Lava Jato: em dezembro 30% aprovavam a injusti\u00e7a. Em abril, o percentual caiu para 28%, conclui a pesquisa.<\/p>\n<p>A pesquisa CUT-Vox Populi entrevistou 2.000 pessoas, em 118 munic\u00edpios brasileiros. A margem de erro \u00e9 de 2,2 %, estimada em um intervalo de confian\u00e7a de 95%. Foram ouvidas pessoas com mais de 16 anos, residentes em \u00e1reas urbanas e rurais, de todos os Estados e do Distrito Federal, em capitais, Regi\u00f5es Metropolitanas e no interior.<\/p>\n","protected":false},"excerpt":{"rendered":"<p>Para 68% dos entrevistados, procuradores erraram ao acusar Lula sem provas Pesquisa CUT\/Vox Populi mostra que est\u00e1 caindo o interesse dos brasileiros pela Opera\u00e7\u00e3o Lava Jato e aumentando o percentual de pessoas que acham que Lula e os petistas s\u00e3o perseguidos pelos procuradores, informa a pesquisa. Entre novembro de 2015 e abril deste ano, caiu de 44% para 25% o [&hellip;]<\/p>\n","protected":false},"author":27,"featured_media":0,"comment_status":"open","ping_status":"closed","sticky":false,"template":"","format":"standard","meta":{"footnotes":""},"categories":[2719],"tags":[6084,734,2391,6081,4123,6083,694,283,1361,6087,6082,2149,6086,6085,1235,728,6090,6088,6089],"class_list":["post-5096","post","type-post","status-publish","format-standard","hentry","category-servidor","tag-acusar","tag-brasileiros","tag-cai","tag-cutvoz-populi","tag-distorcao","tag-erraram","tag-interesse","tag-lava-jato","tag-lula","tag-manchetes","tag-pequisa","tag-perseguicao","tag-perseguidos","tag-petistas","tag-procuradores","tag-provas","tag-seletivos","tag-sensacionalistas","tag-vazamentos"],"_links":{"self":[{"href":"https:\/\/blogs.correiobraziliense.com.br\/servidor\/wp-json\/wp\/v2\/posts\/5096","targetHints":{"allow":["GET"]}}],"collection":[{"href":"https:\/\/blogs.correiobraziliense.com.br\/servidor\/wp-json\/wp\/v2\/posts"}],"about":[{"href":"https:\/\/blogs.correiobraziliense.com.br\/servidor\/wp-json\/wp\/v2\/types\/post"}],"author":[{"embeddable":true,"href":"https:\/\/blogs.correiobraziliense.com.br\/servidor\/wp-json\/wp\/v2\/users\/27"}],"replies":[{"embeddable":true,"href":"https:\/\/blogs.correiobraziliense.com.br\/servidor\/wp-json\/wp\/v2\/comments?post=5096"}],"version-history":[{"count":2,"href":"https:\/\/blogs.correiobraziliense.com.br\/servidor\/wp-json\/wp\/v2\/posts\/5096\/revisions"}],"predecessor-version":[{"id":5098,"href":"https:\/\/blogs.correiobraziliense.com.br\/servidor\/wp-json\/wp\/v2\/posts\/5096\/revisions\/5098"}],"wp:attachment":[{"href":"https:\/\/blogs.correiobraziliense.com.br\/servidor\/wp-json\/wp\/v2\/media?parent=5096"}],"wp:term":[{"taxonomy":"category","embeddable":true,"href":"https:\/\/blogs.correiobraziliense.com.br\/servidor\/wp-json\/wp\/v2\/categories?post=5096"},{"taxonomy":"post_tag","embeddable":true,"href":"https:\/\/blogs.correiobraziliense.com.br\/servidor\/wp-json\/wp\/v2\/tags?post=5096"}],"curies":[{"name":"wp","href":"https:\/\/api.w.org\/{rel}","templated":true}]}}