{"id":5094,"date":"2017-04-19T13:00:56","date_gmt":"2017-04-19T16:00:56","guid":{"rendered":"https:\/\/blogs.correiobraziliense.com.br\/servidor\/?p=5094"},"modified":"2017-04-19T13:00:56","modified_gmt":"2017-04-19T16:00:56","slug":"advogados-de-lula-convocam-coletiva-de-imprensa","status":"publish","type":"post","link":"https:\/\/blogs.correiobraziliense.com.br\/servidor\/advogados-de-lula-convocam-coletiva-de-imprensa\/","title":{"rendered":"Advogados de Lula convocam coletiva de imprensa"},"content":{"rendered":"<p>Os advogados do ex-presidente Luiz In\u00e1cio Lula da Silva ir\u00e3o comentar hoje (19\/04\/2017), \u00e0s 13h30, fato novo\u00a0no caso do apto 164 A edif\u00edcio Solaris no Guaruja (triplex).<\/p>\n<p>Endere\u00e7o: Rua Padre Jo\u00e3o Manuel, 755, 19\u00ba andar. S\u00e3o Paulo<\/p>\n","protected":false},"excerpt":{"rendered":"<p>Os advogados do ex-presidente Luiz In\u00e1cio Lula da Silva ir\u00e3o comentar hoje (19\/04\/2017), \u00e0s 13h30, fato novo\u00a0no caso do apto 164 A edif\u00edcio Solaris no Guaruja (triplex). Endere\u00e7o: Rua Padre Jo\u00e3o Manuel, 755, 19\u00ba andar. S\u00e3o Paulo<\/p>\n","protected":false},"author":27,"featured_media":0,"comment_status":"open","ping_status":"closed","sticky":false,"template":"","format":"standard","meta":{"footnotes":""},"categories":[2719],"tags":[265,6079,3868,6078,1361,6080],"class_list":["post-5094","post","type-post","status-publish","format-standard","hentry","category-servidor","tag-advogados","tag-apartamento","tag-caso","tag-comentar","tag-lula","tag-triplex"],"_links":{"self":[{"href":"https:\/\/blogs.correiobraziliense.com.br\/servidor\/wp-json\/wp\/v2\/posts\/5094","targetHints":{"allow":["GET"]}}],"collection":[{"href":"https:\/\/blogs.correiobraziliense.com.br\/servidor\/wp-json\/wp\/v2\/posts"}],"about":[{"href":"https:\/\/blogs.correiobraziliense.com.br\/servidor\/wp-json\/wp\/v2\/types\/post"}],"author":[{"embeddable":true,"href":"https:\/\/blogs.correiobraziliense.com.br\/servidor\/wp-json\/wp\/v2\/users\/27"}],"replies":[{"embeddable":true,"href":"https:\/\/blogs.correiobraziliense.com.br\/servidor\/wp-json\/wp\/v2\/comments?post=5094"}],"version-history":[{"count":1,"href":"https:\/\/blogs.correiobraziliense.com.br\/servidor\/wp-json\/wp\/v2\/posts\/5094\/revisions"}],"predecessor-version":[{"id":5095,"href":"https:\/\/blogs.correiobraziliense.com.br\/servidor\/wp-json\/wp\/v2\/posts\/5094\/revisions\/5095"}],"wp:attachment":[{"href":"https:\/\/blogs.correiobraziliense.com.br\/servidor\/wp-json\/wp\/v2\/media?parent=5094"}],"wp:term":[{"taxonomy":"category","embeddable":true,"href":"https:\/\/blogs.correiobraziliense.com.br\/servidor\/wp-json\/wp\/v2\/categories?post=5094"},{"taxonomy":"post_tag","embeddable":true,"href":"https:\/\/blogs.correiobraziliense.com.br\/servidor\/wp-json\/wp\/v2\/tags?post=5094"}],"curies":[{"name":"wp","href":"https:\/\/api.w.org\/{rel}","templated":true}]}}