{"id":5081,"date":"2017-04-18T21:05:18","date_gmt":"2017-04-19T00:05:18","guid":{"rendered":"https:\/\/blogs.correiobraziliense.com.br\/servidor\/?p=5081"},"modified":"2017-04-18T21:22:49","modified_gmt":"2017-04-19T00:22:49","slug":"decisao-stf-sobre-cobranca-de-mensalidade-em-universidades-publicas","status":"publish","type":"post","link":"https:\/\/blogs.correiobraziliense.com.br\/servidor\/decisao-stf-sobre-cobranca-de-mensalidade-em-universidades-publicas\/","title":{"rendered":"Decis\u00e3o do STF sobre cobran\u00e7a de mensalidade em universidades p\u00fablicas"},"content":{"rendered":"<p><em>Caso a cobran\u00e7a aconte\u00e7a, segundo especialista, poder\u00e1 comprometer o futuro do ensino no pa\u00eds<\/em><\/p>\n<p>O Supremo Tribunal Federal (STF) julgar\u00e1 na pr\u00f3xima quinta-feira (20) a constitucionalidade da cobran\u00e7a da mensalidade em cursos\u00a0lato sensu\u00a0em universidades p\u00fablicas. O julgamento \u00e9 aguardado ap\u00f3s o Plen\u00e1rio da C\u00e2mara dos Deputados rejeitar, em 29 de mar\u00e7o, a Proposta de Emenda Constitucional (PEC) n\u00ba 395-A, que permitia e regulamentaria a cobran\u00e7a da p\u00f3s-gradua\u00e7\u00e3o\u00a0lato sensu\u00a0nas universidades p\u00fablicas.<\/p>\n<p>Na opini\u00e3o do\u00a0advogado Gustavo Ramos, s\u00f3cio do escrit\u00f3rio Roberto Caldas, Mauro Menezes &amp; Advogados, que atua como\u00a0<em>amicus curiae<\/em>\u00a0no caso, o fim da gratuidade destes cursos pode ser um duro golpe no ensino p\u00fablico brasileiro.<\/p>\n<p>\u201cO eventual fim da gratuidade dos cursos de p\u00f3s-gradua\u00e7\u00e3o\u00a0<em>lato sensu<\/em>, como pretendido, ser\u00e1, sem d\u00favida, o primeiro passo para que se promova, em seguida, a crescente mitiga\u00e7\u00e3o da responsabilidade constitucional imposta \u00e0 Uni\u00e3o em rela\u00e7\u00e3o ao provimento do ensino p\u00fablico gratuito e de qualidade em todos os n\u00edveis\u201d, afirma o especialista.<\/p>\n","protected":false},"excerpt":{"rendered":"<p>Caso a cobran\u00e7a aconte\u00e7a, segundo especialista, poder\u00e1 comprometer o futuro do ensino no pa\u00eds O Supremo Tribunal Federal (STF) julgar\u00e1 na pr\u00f3xima quinta-feira (20) a constitucionalidade da cobran\u00e7a da mensalidade em cursos\u00a0lato sensu\u00a0em universidades p\u00fablicas. O julgamento \u00e9 aguardado ap\u00f3s o Plen\u00e1rio da C\u00e2mara dos Deputados rejeitar, em 29 de mar\u00e7o, a Proposta de Emenda Constitucional (PEC) n\u00ba 395-A, que [&hellip;]<\/p>\n","protected":false},"author":27,"featured_media":0,"comment_status":"open","ping_status":"closed","sticky":false,"template":"","format":"standard","meta":{"footnotes":""},"categories":[2719],"tags":[327,956,1450,1248,1296,6053,2544,147,34,6012],"class_list":["post-5081","post","type-post","status-publish","format-standard","hentry","category-servidor","tag-ameaca","tag-cobranca","tag-cursos","tag-decisao","tag-ensino","tag-latu-sensu","tag-mensalidade","tag-publica","tag-stf","tag-universidades"],"_links":{"self":[{"href":"https:\/\/blogs.correiobraziliense.com.br\/servidor\/wp-json\/wp\/v2\/posts\/5081","targetHints":{"allow":["GET"]}}],"collection":[{"href":"https:\/\/blogs.correiobraziliense.com.br\/servidor\/wp-json\/wp\/v2\/posts"}],"about":[{"href":"https:\/\/blogs.correiobraziliense.com.br\/servidor\/wp-json\/wp\/v2\/types\/post"}],"author":[{"embeddable":true,"href":"https:\/\/blogs.correiobraziliense.com.br\/servidor\/wp-json\/wp\/v2\/users\/27"}],"replies":[{"embeddable":true,"href":"https:\/\/blogs.correiobraziliense.com.br\/servidor\/wp-json\/wp\/v2\/comments?post=5081"}],"version-history":[{"count":2,"href":"https:\/\/blogs.correiobraziliense.com.br\/servidor\/wp-json\/wp\/v2\/posts\/5081\/revisions"}],"predecessor-version":[{"id":5087,"href":"https:\/\/blogs.correiobraziliense.com.br\/servidor\/wp-json\/wp\/v2\/posts\/5081\/revisions\/5087"}],"wp:attachment":[{"href":"https:\/\/blogs.correiobraziliense.com.br\/servidor\/wp-json\/wp\/v2\/media?parent=5081"}],"wp:term":[{"taxonomy":"category","embeddable":true,"href":"https:\/\/blogs.correiobraziliense.com.br\/servidor\/wp-json\/wp\/v2\/categories?post=5081"},{"taxonomy":"post_tag","embeddable":true,"href":"https:\/\/blogs.correiobraziliense.com.br\/servidor\/wp-json\/wp\/v2\/tags?post=5081"}],"curies":[{"name":"wp","href":"https:\/\/api.w.org\/{rel}","templated":true}]}}