{"id":5055,"date":"2017-04-17T13:53:32","date_gmt":"2017-04-17T16:53:32","guid":{"rendered":"https:\/\/blogs.correiobraziliense.com.br\/servidor\/?p=5055"},"modified":"2017-04-17T13:53:32","modified_gmt":"2017-04-17T16:53:32","slug":"anipes-lancara-indice-de-desenvolvimento-municipal","status":"publish","type":"post","link":"https:\/\/blogs.correiobraziliense.com.br\/servidor\/anipes-lancara-indice-de-desenvolvimento-municipal\/","title":{"rendered":"Anipes lan\u00e7ar\u00e1 \u00cdndice de Desenvolvimento Municipal"},"content":{"rendered":"<p>A Associa\u00e7\u00e3o Nacional das Institui\u00e7\u00f5es de Planejamento, Pesquisa e Estat\u00edstica (Anipes) lan\u00e7ar\u00e1 nesta ter\u00e7a-feira (18\/04) o \u00cdndice de Desenvolvimento Municipal (IDM), resultado do trabalho conjunto de diversas institui\u00e7\u00f5es estaduais de pesquisa sob a coordena\u00e7\u00e3o da Funda\u00e7\u00e3o Sistema Estadual de An\u00e1lise de Dados (Seade-SP). O indicador est\u00e1 estruturado em tr\u00eas dimens\u00f5es, que mensuram as condi\u00e7\u00f5es atuais dos 5.565 munic\u00edpios brasileiros em termos de renda, sa\u00fade e escolaridade. O evento de lan\u00e7amento ocorrer\u00e1 na sede do Conselho Federal de Economia, \u00e0s 14h.<\/p>\n<p>O \u00cdndice foi desenvolvido para demonstrar o n\u00edvel de desenvolvimento dos munic\u00edpios, bem como subsidiar os governos locais na formula\u00e7\u00e3o de pol\u00edticas p\u00fablicas. Para cada uma das dimens\u00f5es foi criado um indicador sint\u00e9tico que permite a hierarquiza\u00e7\u00e3o dos munic\u00edpios brasileiros de acordo com a sua situa\u00e7\u00e3o. As tr\u00eas dimens\u00f5es (renda, sa\u00fade e escolaridade) foram consideradas sob a \u00f3tica de dois eixos: o de riqueza municipal e o social, sendo este \u00faltimo a combina\u00e7\u00e3o dos indicadores setoriais de sa\u00fade e educa\u00e7\u00e3o.<\/p>\n<p><strong>Lan\u00e7amento do \u00cdndice de Desenvolvimento Municipal (IDM)<\/strong><\/p>\n<p>Data: 18\/04\/2017 \u2013 ter\u00e7a-feira<\/p>\n<p>Hor\u00e1rio: 14h<\/p>\n<p>Local: Sede do Conselho Federal de Economia \u2013 SCS Quadra 02 Bloco B sala 1201 \u2013 Ed. Pal\u00e1cio do Com\u00e9rcio. Bras\u00edlia-DF.<\/p>\n","protected":false},"excerpt":{"rendered":"<p>A Associa\u00e7\u00e3o Nacional das Institui\u00e7\u00f5es de Planejamento, Pesquisa e Estat\u00edstica (Anipes) lan\u00e7ar\u00e1 nesta ter\u00e7a-feira (18\/04) o \u00cdndice de Desenvolvimento Municipal (IDM), resultado do trabalho conjunto de diversas institui\u00e7\u00f5es estaduais de pesquisa sob a coordena\u00e7\u00e3o da Funda\u00e7\u00e3o Sistema Estadual de An\u00e1lise de Dados (Seade-SP). O indicador est\u00e1 estruturado em tr\u00eas dimens\u00f5es, que mensuram as condi\u00e7\u00f5es atuais dos 5.565 munic\u00edpios brasileiros em [&hellip;]<\/p>\n","protected":false},"author":27,"featured_media":0,"comment_status":"open","ping_status":"closed","sticky":false,"template":"","format":"standard","meta":{"footnotes":""},"categories":[2719],"tags":[6005,6009,3380,6007,6006,358,616,6008],"class_list":["post-5055","post","type-post","status-publish","format-standard","hentry","category-servidor","tag-anipes","tag-conselho-federal-de-economia","tag-escolaridade","tag-idm","tag-indice-de-desenvolvimento-municipal","tag-renda","tag-saude","tag-seade-sp"],"_links":{"self":[{"href":"https:\/\/blogs.correiobraziliense.com.br\/servidor\/wp-json\/wp\/v2\/posts\/5055","targetHints":{"allow":["GET"]}}],"collection":[{"href":"https:\/\/blogs.correiobraziliense.com.br\/servidor\/wp-json\/wp\/v2\/posts"}],"about":[{"href":"https:\/\/blogs.correiobraziliense.com.br\/servidor\/wp-json\/wp\/v2\/types\/post"}],"author":[{"embeddable":true,"href":"https:\/\/blogs.correiobraziliense.com.br\/servidor\/wp-json\/wp\/v2\/users\/27"}],"replies":[{"embeddable":true,"href":"https:\/\/blogs.correiobraziliense.com.br\/servidor\/wp-json\/wp\/v2\/comments?post=5055"}],"version-history":[{"count":1,"href":"https:\/\/blogs.correiobraziliense.com.br\/servidor\/wp-json\/wp\/v2\/posts\/5055\/revisions"}],"predecessor-version":[{"id":5056,"href":"https:\/\/blogs.correiobraziliense.com.br\/servidor\/wp-json\/wp\/v2\/posts\/5055\/revisions\/5056"}],"wp:attachment":[{"href":"https:\/\/blogs.correiobraziliense.com.br\/servidor\/wp-json\/wp\/v2\/media?parent=5055"}],"wp:term":[{"taxonomy":"category","embeddable":true,"href":"https:\/\/blogs.correiobraziliense.com.br\/servidor\/wp-json\/wp\/v2\/categories?post=5055"},{"taxonomy":"post_tag","embeddable":true,"href":"https:\/\/blogs.correiobraziliense.com.br\/servidor\/wp-json\/wp\/v2\/tags?post=5055"}],"curies":[{"name":"wp","href":"https:\/\/api.w.org\/{rel}","templated":true}]}}