{"id":5047,"date":"2017-04-16T15:43:55","date_gmt":"2017-04-16T18:43:55","guid":{"rendered":"https:\/\/blogs.correiobraziliense.com.br\/servidor\/?p=5047"},"modified":"2017-04-16T15:43:55","modified_gmt":"2017-04-16T18:43:55","slug":"terceirizacao-pratica-comum-no-exterior","status":"publish","type":"post","link":"https:\/\/blogs.correiobraziliense.com.br\/servidor\/terceirizacao-pratica-comum-no-exterior\/","title":{"rendered":"Terceiriza\u00e7\u00e3o &#8211; Pr\u00e1tica comum no exterior"},"content":{"rendered":"<p><span style=\"font-size: medium\">A Confedera\u00e7\u00e3o Nacional da Ind\u00fastria (CNI) acredita que a Lei 13.429 ter\u00e1 efeito econ\u00f4mico positivo. \u201cA contrata\u00e7\u00e3o de servi\u00e7os ou do fornecimento de bens especializados de uma empresa por outra \u00e9 pr\u00e1tica corriqueira no mundo todo. A terceiriza\u00e7\u00e3o se tornou um elo estrat\u00e9gico do processo de produ\u00e7\u00e3o, permitindo agregar especializa\u00e7\u00e3o, tecnologia e efici\u00eancia \u00e0 cadeia produtiva\u201d, defende a entidade. <\/span><\/p>\n<p><span style=\"font-size: medium\">No setor industrial, no entanto, essas situa\u00e7\u00f5es esbarravam na limita\u00e7\u00e3o imposta pela S\u00famula 331, que permitia a terceiriza\u00e7\u00e3o apenas das atividades-meio. Por conta disso, muitas companhias j\u00e1 foram condenadas por usar servi\u00e7os terceirizados de transporte e log\u00edstica, por exemplo. Para embasar sua posi\u00e7\u00e3o, a CNI fez uma pesquisa, em parceria com a Deloitte, e analisou como as leis trabalhistas e previdenci\u00e1rias e os c\u00f3digos civis s\u00e3o aplicados na terceiriza\u00e7\u00e3o em 17 pa\u00edses. <\/span><\/p>\n<p><span style=\"font-size: medium\">Em comum, o levantamento constata que todos tratam a terceiriza\u00e7\u00e3o como transfer\u00eancia de parte do processo produtivo, e n\u00e3o aplicam restri\u00e7\u00f5es. \u201cA escolha do que terceirizar deve fazer parte da estrat\u00e9gia de neg\u00f3cios das empresas. A terceiriza\u00e7\u00e3o j\u00e1 \u00e9 vista assim em diversos pa\u00edses que, conhecendo a simples natureza de instrumento de gest\u00e3o das atividades produtivas, passam longe da discuss\u00e3o entre atividades-meio e atividades-fim\u201d, conclui o estudo.<\/span><\/p>\n<p><span style=\"font-size: medium\"><b>Concorr\u00eancia<\/b><\/span><\/p>\n<p><span style=\"font-size: medium\">Na Am\u00e9rica do Sul, explica Bruno Ottoni, economista e pesquisador do Instituto Brasileiro de Economia da Funda\u00e7\u00e3o Getulio Vargas (Ibre-FGV), os pa\u00edses permitem a terceiriza\u00e7\u00e3o sem diferencia\u00e7\u00e3o de atividade. \u201cNesse sentido, estamos atr\u00e1s da concorr\u00eancia. A nova legisla\u00e7\u00e3o colocaria o Brasil em p\u00e9 de igualdade com as pr\u00e1ticas internacionais, com potencial para aumentar a produtividade e o emprego\u201d, destaca. \u201cA atitude do governo \u00e9 louv\u00e1vel para tentar modificar a lei trabalhista, que \u00e9 antiga e n\u00e3o funciona, visto que 50% de for\u00e7a de trabalho est\u00e1 na informalidade e o desemprego \u00e9 alto. Mas uma coisa \u00e9 inten\u00e7\u00e3o e outra \u00e9 o que est\u00e1 sendo feito na pr\u00e1tica\u201d, alerta.<\/span><\/p>\n<p><span style=\"font-size: medium\">O pesquisador afirma ter ido a um semin\u00e1rio com economistas, advogados e ju\u00edzes, no qual imperou a diverg\u00eancia de opini\u00f5es sobre a abrang\u00eancia da terceiriza\u00e7\u00e3o. \u201cO \u00fanico consenso foi o de que a lei est\u00e1 mal redigida e n\u00e3o atinge os prop\u00f3sitos de reduzir a inseguran\u00e7a jur\u00eddica. Isso porque n\u00e3o elimina a pol\u00eamica sobre atividade-fim e atividade-meio\u201d, ressalta. \u201cMinha interpreta\u00e7\u00e3o \u00e9 a seguinte: a atitude \u00e9 nobre, o Brasil precisa modernizar a legisla\u00e7\u00e3o trabalhista, por\u00e9m a forma atropelada, montando uma colcha de retalhos, mais vai atrapalhar do que ajudar. V\u00edtima da pressa, o governo acabou aprovando uma coisa incompleta.\u201d (<b>SK e MB<\/b>)<\/span><\/p>\n","protected":false},"excerpt":{"rendered":"<p>A Confedera\u00e7\u00e3o Nacional da Ind\u00fastria (CNI) acredita que a Lei 13.429 ter\u00e1 efeito econ\u00f4mico positivo. \u201cA contrata\u00e7\u00e3o de servi\u00e7os ou do fornecimento de bens especializados de uma empresa por outra \u00e9 pr\u00e1tica corriqueira no mundo todo. A terceiriza\u00e7\u00e3o se tornou um elo estrat\u00e9gico do processo de produ\u00e7\u00e3o, permitindo agregar especializa\u00e7\u00e3o, tecnologia e efici\u00eancia \u00e0 cadeia produtiva\u201d, defende a entidade. No [&hellip;]<\/p>\n","protected":false},"author":27,"featured_media":0,"comment_status":"open","ping_status":"closed","sticky":false,"template":"","format":"standard","meta":{"footnotes":""},"categories":[2719],"tags":[5464,2768,5997,2596,1154,1033,5999,4337,2601,580,5998,1187,2372,5465,4504,1251],"class_list":["post-5047","post","type-post","status-publish","format-standard","hentry","category-servidor","tag-cadeia","tag-cni","tag-comum","tag-economico","tag-efeito","tag-eficiencia","tag-ele","tag-especializacao","tag-estrategico","tag-exterior","tag-lei-13-429","tag-pratica","tag-producao","tag-produtiva","tag-tecnologia","tag-terceirizacao"],"_links":{"self":[{"href":"https:\/\/blogs.correiobraziliense.com.br\/servidor\/wp-json\/wp\/v2\/posts\/5047","targetHints":{"allow":["GET"]}}],"collection":[{"href":"https:\/\/blogs.correiobraziliense.com.br\/servidor\/wp-json\/wp\/v2\/posts"}],"about":[{"href":"https:\/\/blogs.correiobraziliense.com.br\/servidor\/wp-json\/wp\/v2\/types\/post"}],"author":[{"embeddable":true,"href":"https:\/\/blogs.correiobraziliense.com.br\/servidor\/wp-json\/wp\/v2\/users\/27"}],"replies":[{"embeddable":true,"href":"https:\/\/blogs.correiobraziliense.com.br\/servidor\/wp-json\/wp\/v2\/comments?post=5047"}],"version-history":[{"count":1,"href":"https:\/\/blogs.correiobraziliense.com.br\/servidor\/wp-json\/wp\/v2\/posts\/5047\/revisions"}],"predecessor-version":[{"id":5048,"href":"https:\/\/blogs.correiobraziliense.com.br\/servidor\/wp-json\/wp\/v2\/posts\/5047\/revisions\/5048"}],"wp:attachment":[{"href":"https:\/\/blogs.correiobraziliense.com.br\/servidor\/wp-json\/wp\/v2\/media?parent=5047"}],"wp:term":[{"taxonomy":"category","embeddable":true,"href":"https:\/\/blogs.correiobraziliense.com.br\/servidor\/wp-json\/wp\/v2\/categories?post=5047"},{"taxonomy":"post_tag","embeddable":true,"href":"https:\/\/blogs.correiobraziliense.com.br\/servidor\/wp-json\/wp\/v2\/tags?post=5047"}],"curies":[{"name":"wp","href":"https:\/\/api.w.org\/{rel}","templated":true}]}}