{"id":5021,"date":"2017-04-12T21:06:23","date_gmt":"2017-04-13T00:06:23","guid":{"rendered":"https:\/\/blogs.correiobraziliense.com.br\/servidor\/?p=5021"},"modified":"2017-04-12T21:35:38","modified_gmt":"2017-04-13T00:35:38","slug":"ministro-do-planejamento-participara-de-audiencia-sobre-mp-que-reajustou-salarios-do-pessoal-do-fisco","status":"publish","type":"post","link":"https:\/\/blogs.correiobraziliense.com.br\/servidor\/ministro-do-planejamento-participara-de-audiencia-sobre-mp-que-reajustou-salarios-do-pessoal-do-fisco\/","title":{"rendered":"Ministro do Planejamento participar\u00e1 de audi\u00eancia sobre MP que reajustou sal\u00e1rios do pessoal do Fisco"},"content":{"rendered":"<p><em>A MP 765\/2016 trata de aumento salarial de oito carreiras que n\u00e3o assinaram acordo com o governo federal em 2015. Define tamb\u00e9m o b\u00f4nus de efici\u00eancia para auditores e analistas do Fisco. Gratifica\u00e7\u00e3o que criou pol\u00eamica e chegou a paralisar as sess\u00f5es do Carf<\/em><\/p>\n<p>O Ministro do Planejamento, Dyogo Henrique de Oliveira participar\u00e1 da audi\u00eancia p\u00fablica para debater a\u00a0 Medida Provis\u00f3ria (MPV) <a href=\"http:\/\/www25.senado.leg.br\/web\/atividade\/materias\/-\/materia\/127890\">765\/2016<\/a>, que reajustou a remunera\u00e7\u00e3o de servidores p\u00fablicos de ex-territ\u00f3rios e de servidores p\u00fablicos federais e reorganizou cargos e carreira. A reuni\u00e3o est\u00e1 marcada para esta ter\u00e7a-feira (18), \u00e0s 14h30. Pela manh\u00e3, \u00e0s 9h30, um primeiro debate ser\u00e1 com representa\u00e7\u00f5es sindicais dos servidores.<\/p>\n<p>A MP reorganiza cargos e carreiras, estabelece regras de incorpora\u00e7\u00e3o de gratifica\u00e7\u00e3o de desempenho a aposentadorias e pens\u00f5es, al\u00e9m de aumentar o sal\u00e1rio de auditores fiscais da Receita Federal, auditores fiscais do Trabalho, peritos m\u00e9dicos previdenci\u00e1rios, carreiras de infraestrutura, diplomatas, oficiais de chancelaria, assistentes de chancelaria e policiais civis dos ex-territ\u00f3rios (Acre, Amap\u00e1, Rond\u00f4nia e Roraima).<\/p>\n<p>Para o debate das 9h30, foram convidados Suellen Bessoni Paz, presidente do Sindicato Nacional dos Servidores do Minist\u00e9rio do Itamaraty (Sinditamaraty); Cl\u00e1udio M\u00e1rcio Oliveira Damasceno, presidente do Sindicato Nacional dos Auditores Fiscais da Receita Federal do Brasil (Sindifisco); Jo\u00e3o Carlos Ara\u00fajo de Oliveira, presidente da Associa\u00e7\u00e3o dos Fiscais de Tributos do Ex-Territ\u00f3rio Federal de Roraima.<\/p>\n<p>A audi\u00eancia da manh\u00e3 ser\u00e1 na sala 3 da Ala Senador Alexandre Costa, e a tarde, a audi\u00eancia acontecer\u00e1 na sala 2 da Ala Senador Nilo Coelho. Os cidad\u00e3os podem participar com coment\u00e1rios ou perguntas aos parlamentares e convidados.<\/p>\n<p>Como acompanhar e participar:<br \/>\nhttp:\/\/bit.ly\/audienciainterativaPortal e-Cidadania:<br \/>\nwww.senado.gov.br\/ecidadaniaAl\u00f4 Senado (0800-612211)<\/p>\n<p>Fonte: Ag\u00eancia Senado<\/p>\n","protected":false},"excerpt":{"rendered":"<p>A MP 765\/2016 trata de aumento salarial de oito carreiras que n\u00e3o assinaram acordo com o governo federal em 2015. Define tamb\u00e9m o b\u00f4nus de efici\u00eancia para auditores e analistas do Fisco. Gratifica\u00e7\u00e3o que criou pol\u00eamica e chegou a paralisar as sess\u00f5es do Carf O Ministro do Planejamento, Dyogo Henrique de Oliveira participar\u00e1 da audi\u00eancia p\u00fablica para debater a\u00a0 Medida [&hellip;]<\/p>\n","protected":false},"author":27,"featured_media":0,"comment_status":"open","ping_status":"closed","sticky":false,"template":"","format":"standard","meta":{"footnotes":""},"categories":[2719],"tags":[192,231,538,791,55,5953,1033,333,35,5353,3,294,30,58],"class_list":["post-5021","post","type-post","status-publish","format-standard","hentry","category-servidor","tag-audiencia","tag-bonus","tag-carf","tag-cargos","tag-carreiras","tag-dyogo-oliviera","tag-eficiencia","tag-gratificacao","tag-ministro","tag-mp-7652016","tag-planejamento","tag-receita-federal","tag-salarios","tag-servidores"],"_links":{"self":[{"href":"https:\/\/blogs.correiobraziliense.com.br\/servidor\/wp-json\/wp\/v2\/posts\/5021","targetHints":{"allow":["GET"]}}],"collection":[{"href":"https:\/\/blogs.correiobraziliense.com.br\/servidor\/wp-json\/wp\/v2\/posts"}],"about":[{"href":"https:\/\/blogs.correiobraziliense.com.br\/servidor\/wp-json\/wp\/v2\/types\/post"}],"author":[{"embeddable":true,"href":"https:\/\/blogs.correiobraziliense.com.br\/servidor\/wp-json\/wp\/v2\/users\/27"}],"replies":[{"embeddable":true,"href":"https:\/\/blogs.correiobraziliense.com.br\/servidor\/wp-json\/wp\/v2\/comments?post=5021"}],"version-history":[{"count":2,"href":"https:\/\/blogs.correiobraziliense.com.br\/servidor\/wp-json\/wp\/v2\/posts\/5021\/revisions"}],"predecessor-version":[{"id":5025,"href":"https:\/\/blogs.correiobraziliense.com.br\/servidor\/wp-json\/wp\/v2\/posts\/5021\/revisions\/5025"}],"wp:attachment":[{"href":"https:\/\/blogs.correiobraziliense.com.br\/servidor\/wp-json\/wp\/v2\/media?parent=5021"}],"wp:term":[{"taxonomy":"category","embeddable":true,"href":"https:\/\/blogs.correiobraziliense.com.br\/servidor\/wp-json\/wp\/v2\/categories?post=5021"},{"taxonomy":"post_tag","embeddable":true,"href":"https:\/\/blogs.correiobraziliense.com.br\/servidor\/wp-json\/wp\/v2\/tags?post=5021"}],"curies":[{"name":"wp","href":"https:\/\/api.w.org\/{rel}","templated":true}]}}