{"id":5019,"date":"2017-04-12T20:23:45","date_gmt":"2017-04-12T23:23:45","guid":{"rendered":"https:\/\/blogs.correiobraziliense.com.br\/servidor\/?p=5019"},"modified":"2017-04-12T20:23:45","modified_gmt":"2017-04-12T23:23:45","slug":"liminar-garante-servidor-publico-ter-sua-contribuicao-previdenciaria-recolhida-com-base-na-remuneracao-integral","status":"publish","type":"post","link":"https:\/\/blogs.correiobraziliense.com.br\/servidor\/liminar-garante-servidor-publico-ter-sua-contribuicao-previdenciaria-recolhida-com-base-na-remuneracao-integral\/","title":{"rendered":"Liminar garante a servidor p\u00fablico ter sua contribui\u00e7\u00e3o previdenci\u00e1ria recolhida com base na remunera\u00e7\u00e3o integral"},"content":{"rendered":"<p><em>A 14\u00aa Vara Federal da Se\u00e7\u00e3o Judici\u00e1ria do Distrito Federal concedeu liminar garantindo a um servidor p\u00fablico do INSS o direito de contribuir para o Regime Pr\u00f3prio de Previd\u00eancia Social da Uni\u00e3o (RPPS) com base na remunera\u00e7\u00e3o integral.<\/em><\/p>\n<p>O servidor p\u00fablico federal ajuizou a\u00e7\u00e3o em face da Uni\u00e3o, do INSS e do Fundo de Previd\u00eancia Complementar do Servidor P\u00fablico (Funpresp-EXE) \u00a0pleiteando a anula\u00e7\u00e3o do ato administrativo que o inseriu, sem seu consentimento, no teto contributivo vinculado ao benef\u00edcio m\u00e1ximo do Regime Geral de Previd\u00eancia Social (RGPS) quando ingressou no servi\u00e7o p\u00fablico federal em 20 de junho de 2013.<\/p>\n<p>Conforme emenda constitucional de 1998, os servidores que ingressaram no servi\u00e7o p\u00fablico antes da publica\u00e7\u00e3o do ato que instituiu o Regime de Previd\u00eancia Complementar, que se deu em fevereiro de 2013, t\u00eam direito \u00e0 manuten\u00e7\u00e3o das regras anteriores, salvo se expressamente optarem pelo novo regime.<\/p>\n<p>No entanto, as demandadas optaram por ignorar o tempo de servi\u00e7o p\u00fablico estadual prestado pelo autor de forma ininterrupta desde 2004 at\u00e9 o seu ingresso na esfera federal em 2013, alegando que somente o servidor civil com v\u00ednculo pret\u00e9rito com a Uni\u00e3o possui direito de escolha quanto ao regime previdenci\u00e1rio.<\/p>\n<p>Para o advogado Marcos Joel dos Santos, do Cassel Ruzzarin Santos Rodrigues Advogados, que representa o servidor, \u201centender de forma diversa, sob a alega\u00e7\u00e3o de que os servidores de cargo p\u00fablico estadual, municipal ou distrital que ingressaram no servi\u00e7o p\u00fablico federal ap\u00f3s a vig\u00eancia da previd\u00eancia complementar, ainda que n\u00e3o tenham interrompido seu v\u00ednculo com a Administra\u00e7\u00e3o, n\u00e3o possuem direito \u00e0 manuten\u00e7\u00e3o do regime de previd\u00eancia (&#8230;) constitui afronta clara ao princ\u00edpio da isonomia\u201d. As demandadas ainda podem recorrer.<\/p>\n<p>Processo n\u00ba 0075401-63.2016.4.01.3400 em tr\u00e2mite na 14\u00aa Vara Federal do Distrito Federal.<\/p>\n","protected":false},"excerpt":{"rendered":"<p>A 14\u00aa Vara Federal da Se\u00e7\u00e3o Judici\u00e1ria do Distrito Federal concedeu liminar garantindo a um servidor p\u00fablico do INSS o direito de contribuir para o Regime Pr\u00f3prio de Previd\u00eancia Social da Uni\u00e3o (RPPS) com base na remunera\u00e7\u00e3o integral. O servidor p\u00fablico federal ajuizou a\u00e7\u00e3o em face da Uni\u00e3o, do INSS e do Fundo de Previd\u00eancia Complementar do Servidor P\u00fablico (Funpresp-EXE) [&hellip;]<\/p>\n","protected":false},"author":27,"featured_media":0,"comment_status":"open","ping_status":"closed","sticky":false,"template":"","format":"standard","meta":{"footnotes":""},"categories":[2719],"tags":[131,3305,124,820,578,11,1036,2254,617,132,241,5952,751,1620,590,588,8,2019,330],"class_list":["post-5019","post","type-post","status-publish","format-standard","hentry","category-servidor","tag-contribuicao","tag-estadual","tag-federal","tag-funpresp","tag-garante","tag-inss","tag-integral","tag-isonomia","tag-liminar","tag-previdenciaria","tag-publico","tag-recolhida","tag-regras","tag-remuneracao","tag-rgps","tag-rpps","tag-servidor","tag-tempo","tag-uniao"],"_links":{"self":[{"href":"https:\/\/blogs.correiobraziliense.com.br\/servidor\/wp-json\/wp\/v2\/posts\/5019","targetHints":{"allow":["GET"]}}],"collection":[{"href":"https:\/\/blogs.correiobraziliense.com.br\/servidor\/wp-json\/wp\/v2\/posts"}],"about":[{"href":"https:\/\/blogs.correiobraziliense.com.br\/servidor\/wp-json\/wp\/v2\/types\/post"}],"author":[{"embeddable":true,"href":"https:\/\/blogs.correiobraziliense.com.br\/servidor\/wp-json\/wp\/v2\/users\/27"}],"replies":[{"embeddable":true,"href":"https:\/\/blogs.correiobraziliense.com.br\/servidor\/wp-json\/wp\/v2\/comments?post=5019"}],"version-history":[{"count":1,"href":"https:\/\/blogs.correiobraziliense.com.br\/servidor\/wp-json\/wp\/v2\/posts\/5019\/revisions"}],"predecessor-version":[{"id":5020,"href":"https:\/\/blogs.correiobraziliense.com.br\/servidor\/wp-json\/wp\/v2\/posts\/5019\/revisions\/5020"}],"wp:attachment":[{"href":"https:\/\/blogs.correiobraziliense.com.br\/servidor\/wp-json\/wp\/v2\/media?parent=5019"}],"wp:term":[{"taxonomy":"category","embeddable":true,"href":"https:\/\/blogs.correiobraziliense.com.br\/servidor\/wp-json\/wp\/v2\/categories?post=5019"},{"taxonomy":"post_tag","embeddable":true,"href":"https:\/\/blogs.correiobraziliense.com.br\/servidor\/wp-json\/wp\/v2\/tags?post=5019"}],"curies":[{"name":"wp","href":"https:\/\/api.w.org\/{rel}","templated":true}]}}