{"id":5002,"date":"2017-04-12T11:53:33","date_gmt":"2017-04-12T14:53:33","guid":{"rendered":"https:\/\/blogs.correiobraziliense.com.br\/servidor\/?p=5002"},"modified":"2017-04-12T11:53:33","modified_gmt":"2017-04-12T14:53:33","slug":"policia-federal-assina-acordo-de-cooperacao-com-europol","status":"publish","type":"post","link":"https:\/\/blogs.correiobraziliense.com.br\/servidor\/policia-federal-assina-acordo-de-cooperacao-com-europol\/","title":{"rendered":"Pol\u00edcia Federal assina acordo de coopera\u00e7\u00e3o com a Europol"},"content":{"rendered":"<p>O diretor-geral da Pol\u00edcia Federal, Leandro Daiello, e o diretor da Europol (Servi\u00e7o Europeu de Pol\u00edcia), Rob Wainwright, assinaram ontem, 12, um Acordo de Coopera\u00e7\u00e3o Estrat\u00e9gica, fruto de um processo de negocia\u00e7\u00e3o com a Uni\u00e3o Europeia iniciado em 2014 e que envolveu a Pol\u00edcia Federal, o Minist\u00e9rio da Justi\u00e7a e o Minist\u00e9rio das Rela\u00e7\u00f5es Exteriores, informou o DPF.<\/p>\n<p>A finalidade do acordo \u00e9 estabelecer rela\u00e7\u00f5es de coopera\u00e7\u00e3o entre a Europol e a Pol\u00edcia Federal, permitindo a troca de informa\u00e7\u00f5es operacionais, estrat\u00e9gicas e de intelig\u00eancia entre a PF e os pa\u00edses da Uni\u00e3o Europeia. Dentre as \u00e1reas cobertas pelo acordo est\u00e3o as a\u00e7\u00f5es na preven\u00e7\u00e3o e repress\u00e3o ao crime organizado, em especial os crimes de lavagem de dinheiro, corrup\u00e7\u00e3o, crimes cibern\u00e9ticos e terrorismo. O acordo propiciar\u00e1 tamb\u00e9m a realiza\u00e7\u00e3o de opera\u00e7\u00f5es conjuntas e treinamentos, bem como a forma\u00e7\u00e3o de for\u00e7as-tarefas.<\/p>\n<p>Participou da cerim\u00f4nia de assinatura do acordo a embaixadora do Brasil nos Pa\u00edses Baixos, Regina Dunlop.<\/p>\n<p><strong>Europol<\/strong><\/p>\n<p>O Servi\u00e7o Europeu de Pol\u00edcia (Europol) \u00e9 uma ag\u00eancia da Uni\u00e3o Europeia que tem por miss\u00e3o reunir esfor\u00e7os para o combate \u00e0 criminalidade organizada. A Europol iniciou as suas atividades em 1 de julho de 1999, em Haia, na Holanda.<\/p>\n","protected":false},"excerpt":{"rendered":"<p>O diretor-geral da Pol\u00edcia Federal, Leandro Daiello, e o diretor da Europol (Servi\u00e7o Europeu de Pol\u00edcia), Rob Wainwright, assinaram ontem, 12, um Acordo de Coopera\u00e7\u00e3o Estrat\u00e9gica, fruto de um processo de negocia\u00e7\u00e3o com a Uni\u00e3o Europeia iniciado em 2014 e que envolveu a Pol\u00edcia Federal, o Minist\u00e9rio da Justi\u00e7a e o Minist\u00e9rio das Rela\u00e7\u00f5es Exteriores, informou o DPF. A finalidade [&hellip;]<\/p>\n","protected":false},"author":27,"featured_media":0,"comment_status":"open","ping_status":"closed","sticky":false,"template":"","format":"standard","meta":{"footnotes":""},"categories":[2719],"tags":[112,5935,1178,205,1642,5934,561,5547,4433,104,3233,3721],"class_list":["post-5002","post","type-post","status-publish","format-standard","hentry","category-servidor","tag-acordo","tag-ciberneticos","tag-cooperacao","tag-corrupcao","tag-crimes","tag-europol","tag-informacoes","tag-inteligencia","tag-operacionais","tag-policia-federal","tag-repressao","tag-terrorismo"],"_links":{"self":[{"href":"https:\/\/blogs.correiobraziliense.com.br\/servidor\/wp-json\/wp\/v2\/posts\/5002","targetHints":{"allow":["GET"]}}],"collection":[{"href":"https:\/\/blogs.correiobraziliense.com.br\/servidor\/wp-json\/wp\/v2\/posts"}],"about":[{"href":"https:\/\/blogs.correiobraziliense.com.br\/servidor\/wp-json\/wp\/v2\/types\/post"}],"author":[{"embeddable":true,"href":"https:\/\/blogs.correiobraziliense.com.br\/servidor\/wp-json\/wp\/v2\/users\/27"}],"replies":[{"embeddable":true,"href":"https:\/\/blogs.correiobraziliense.com.br\/servidor\/wp-json\/wp\/v2\/comments?post=5002"}],"version-history":[{"count":1,"href":"https:\/\/blogs.correiobraziliense.com.br\/servidor\/wp-json\/wp\/v2\/posts\/5002\/revisions"}],"predecessor-version":[{"id":5003,"href":"https:\/\/blogs.correiobraziliense.com.br\/servidor\/wp-json\/wp\/v2\/posts\/5002\/revisions\/5003"}],"wp:attachment":[{"href":"https:\/\/blogs.correiobraziliense.com.br\/servidor\/wp-json\/wp\/v2\/media?parent=5002"}],"wp:term":[{"taxonomy":"category","embeddable":true,"href":"https:\/\/blogs.correiobraziliense.com.br\/servidor\/wp-json\/wp\/v2\/categories?post=5002"},{"taxonomy":"post_tag","embeddable":true,"href":"https:\/\/blogs.correiobraziliense.com.br\/servidor\/wp-json\/wp\/v2\/tags?post=5002"}],"curies":[{"name":"wp","href":"https:\/\/api.w.org\/{rel}","templated":true}]}}